{"id":35036,"date":"2025-12-03T15:05:31","date_gmt":"2025-12-03T14:05:31","guid":{"rendered":"https:\/\/yoann-conte.com\/?p=35036"},"modified":"2026-01-21T11:47:36","modified_gmt":"2026-01-21T10:47:36","slug":"soiree-truffe-15-ans-de-la-maison-bleue","status":"publish","type":"post","link":"https:\/\/yoann-conte.com\/es\/soiree-truffe-15-ans-de-la-maison-bleue\/","title":{"rendered":"Soir\u00e9e Truffe &#8211; 15 ans de La Maison Bleue"},"content":{"rendered":"<div class=\"wpb-content-wrapper\"><div class=\"vc_row wpb_row vc_row-fluid mpc-row\"><div class=\"wpb_column vc_column_container vc_col-sm-12 mpc-column\" data-column-id=\"mpc_column-969ef202fb973a\"><div class=\"vc_column-inner\"><div class=\"wpb_wrapper\"><div class=\"vc_empty_space\" style=\"height: 130px\"><span class=\"vc_empty_space_inner\"><\/span><\/div><\/div><\/div><\/div><\/div><div class=\"vc_row wpb_row vc_row-fluid mpc-row\"><div class=\"wpb_column vc_column_container vc_col-sm-2 mpc-column\" data-column-id=\"mpc_column-4769ef202fb9a83\"><div class=\"vc_column-inner\"><div class=\"wpb_wrapper\"><\/div><\/div><\/div><div class=\"wpb_column vc_column_container vc_col-sm-8 mpc-column\" data-column-id=\"mpc_column-8269ef202fb9d37\"><div class=\"vc_column-inner\"><div class=\"wpb_wrapper\">\n\t<div class=\"wpb_text_column wpb_content_element\">\n\t\t<div class=\"wpb_wrapper\">\n\t\t\t<h1 style=\"text-align: center;\"><span style=\"font-family: 'Book Antiqua', Palatino; font-size: 36pt;\">Les 15 ans de La Maison Bleue<\/span><\/h1>\n\n\t\t<\/div>\n\t<\/div>\n\n\t<div class=\"wpb_text_column wpb_content_element\">\n\t\t<div class=\"wpb_wrapper\">\n\t\t\t<h2 style=\"text-align: center;\"><span style=\"font-family: gray-scale; font-size: 30pt;\">Autour de la truffe<\/span><\/h2>\n\n\t\t<\/div>\n\t<\/div>\n<\/div><\/div><\/div><div class=\"wpb_column vc_column_container vc_col-sm-2 mpc-column\" data-column-id=\"mpc_column-2769ef202fb9e2a\"><div class=\"vc_column-inner\"><div class=\"wpb_wrapper\"><\/div><\/div><\/div><\/div><div class=\"vc_row wpb_row vc_row-fluid mpc-row\"><div class=\"wpb_column vc_column_container vc_col-sm-2 mpc-column\" data-column-id=\"mpc_column-5869ef202fba0ac\"><div class=\"vc_column-inner\"><div class=\"wpb_wrapper\"><\/div><\/div><\/div><div class=\"wpb_column vc_column_container vc_col-sm-8 mpc-column\" data-column-id=\"mpc_column-9069ef202fba305\"><div class=\"vc_column-inner\"><div class=\"wpb_wrapper\">\n\t<div class=\"wpb_text_column wpb_content_element\">\n\t\t<div class=\"wpb_wrapper\">\n\t\t\t<p data-start=\"98\" data-end=\"176\"><strong data-start=\"98\" data-end=\"176\">D&icirc;ner d&rsquo;Exception &agrave; 12 Mains &ndash; Mardi 2 D&eacute;cembre 2025 &ndash; La Maison Bleue &#127869;&#65039;<\/strong><\/p>\n<p data-start=\"178\" data-end=\"427\">Une soir&eacute;e rare s&rsquo;est tenue au bord du lac d&rsquo;Annecy. &#9968;&#65039;<br data-start=\"233\" data-end=\"236\">Sous l&rsquo;impulsion du Chef Yoann Conte, cinq chefs d&rsquo;exception ont uni leurs talents lors d&rsquo;un d&icirc;ner &agrave; 12 mains unique, c&eacute;l&eacute;brant la truffe, joyau embl&eacute;matique de la gastronomie fran&ccedil;aise. &#127467;&#127479;<\/p>\n<p data-start=\"429\" data-end=\"589\">Un rendez-vous d&rsquo;exception qui est venu poursuivre la c&eacute;l&eacute;bration des 15 ans de La Maison Bleue, dans un esprit de partage, d&rsquo;&eacute;motion et d&rsquo;excellence culinaire.<\/p>\n<p data-start=\"591\" data-end=\"899\">&#10024; <strong data-start=\"593\" data-end=\"616\">Les Chefs invit&eacute;s :<\/strong><br data-start=\"616\" data-end=\"619\">&bull; Fabien Ferr&eacute; &#11088;&#11088;&#11088; &ndash; La Table du Castelet, Le Castelet<br data-start=\"673\" data-end=\"676\">&bull; Tom Meyer &#11088;&#11088; &ndash; La Ch&egrave;vre d&rsquo;Or, &Egrave;ze<br data-start=\"712\" data-end=\"715\">&bull; Franck Pelux &#11088;&#11088; &ndash; La Table du Lausanne Palace, Lausanne<br data-start=\"772\" data-end=\"775\">&bull; Matthieu Dupuis Baumal &#11088; &ndash; Le Art, Ch&acirc;teau de la Gaude, Aix-en-Provence<br data-start=\"848\" data-end=\"851\">&bull; Cl&eacute;ment Bouvier &#11088; &ndash; Restaurant Ursus, Tignes<\/p>\n<p data-start=\"901\" data-end=\"1117\">&#127807; <strong data-start=\"904\" data-end=\"928\">La Truffe en Majest&eacute;<\/strong><br data-start=\"928\" data-end=\"931\">Symbole de raret&eacute; et de raffinement, la truffe a &eacute;t&eacute; le fil d&rsquo;or de ce menu exclusif.<br data-start=\"1016\" data-end=\"1019\">Un menu d&rsquo;exception o&ugrave; elle s&rsquo;est r&eacute;v&eacute;l&eacute;e sous toutes ses formes : subtile, intense et envo&ucirc;tante.<\/p>\n<p data-start=\"1119\" data-end=\"1484\">&#10024; <strong data-start=\"1121\" data-end=\"1168\">Une exp&eacute;rience immersive sign&eacute;e Yoann Conte<\/strong><br data-start=\"1168\" data-end=\"1171\">Les deux tables de la Maison, La Table et Le Roc, ont vibr&eacute; d&rsquo;une m&ecirc;me &eacute;nergie.<br data-start=\"1250\" data-end=\"1253\">Les chefs sont pass&eacute;s de salle en salle, cuisinant et &eacute;changeant avec les convives, offrant une soir&eacute;e vivante, g&eacute;n&eacute;reuse et sinc&egrave;re.<br data-start=\"1386\" data-end=\"1389\">O&ugrave; que l&rsquo;on soit install&eacute;, la magie a op&eacute;r&eacute; &mdash; dans chaque geste, chaque parfum, chaque instant.<\/p>\n<p data-start=\"1486\" data-end=\"1656\">&#128197; Mardi 2 d&eacute;cembre 2025 &ndash; 19h00<br data-start=\"1518\" data-end=\"1521\">&#127869;&#65039; Menu unique autour de la truffe &ndash; D&icirc;ner d&rsquo;exception<br data-start=\"1576\" data-end=\"1579\">&#128205; La Table &amp; Le Roc, 13 Vieille Route des Pensi&egrave;res &ndash; 74290 Veyrier-du-Lac<\/p>\n<p data-start=\"1658\" data-end=\"1743\">&#10024; Une soir&eacute;e rare, o&ugrave; la truffe s&rsquo;est faite muse et la gastronomie, &eacute;motion pure. &#10024;<\/p>\n<p data-start=\"1745\" data-end=\"1856\">Un grand merci &agrave; <strong data-start=\"1762\" data-end=\"1779\">@alena_truffe<\/strong>, partenaire de ce d&icirc;ner &agrave; 12 mains, pour avoir sublim&eacute; cette exp&eacute;rience &#128588;&#127995;<\/p>\n\n\t\t<\/div>\n\t<\/div>\n<\/div><\/div><\/div><div class=\"wpb_column vc_column_container vc_col-sm-2 mpc-column\" data-column-id=\"mpc_column-9569ef202fba422\"><div class=\"vc_column-inner\"><div class=\"wpb_wrapper\"><\/div><\/div><\/div><\/div><div class=\"vc_row wpb_row vc_row-fluid mpc-row\"><div class=\"wpb_column vc_column_container vc_col-sm-2 mpc-column\" data-column-id=\"mpc_column-969ef202fba7b6\"><div class=\"vc_column-inner\"><div class=\"wpb_wrapper\"><\/div><\/div><\/div><div class=\"wpb_column vc_column_container vc_col-sm-8 mpc-column\" data-column-id=\"mpc_column-2069ef202fbbc2c\"><div class=\"vc_column-inner\"><div class=\"wpb_wrapper\">\n\t<div class=\"wpb_single_image wpb_content_element vc_align_left wpb_content_element\">\n\t\t\n\t\t<figure class=\"wpb_wrapper vc_figure\">\n\t\t\t<div class=\"vc_single_image-wrapper   vc_box_border_grey\"><img loading=\"lazy\" decoding=\"async\" width=\"1024\" height=\"576\" src=\"https:\/\/yoann-conte.com\/wp-content\/uploads\/2026\/01\/Soiree-truffe-1024x576.jpeg\" class=\"vc_single_image-img attachment-large\" alt=\"\" title=\"Soir&eacute;e truffe\" srcset=\"https:\/\/yoann-conte.com\/wp-content\/uploads\/2026\/01\/Soiree-truffe-980x551.jpeg 980w, https:\/\/yoann-conte.com\/wp-content\/uploads\/2026\/01\/Soiree-truffe-480x270.jpeg 480w\" sizes=\"(min-width: 0px) and (max-width: 480px) 480px, (min-width: 481px) and (max-width: 980px) 980px, (min-width: 981px) 1024px, 100vw\"><\/div>\n\t\t<\/figure>\n\t<\/div>\n<\/div><\/div><\/div><div class=\"wpb_column vc_column_container vc_col-sm-2 mpc-column\" data-column-id=\"mpc_column-2369ef202fbbd39\"><div class=\"vc_column-inner\"><div class=\"wpb_wrapper\"><\/div><\/div><\/div><\/div>\n<\/div>","protected":false},"excerpt":{"rendered":"Les 15 ans de La Maison Bleue Autour de la truffe D&icirc;ner d&rsquo;Exception &agrave; 12 Mains &ndash; Mardi 2 D&eacute;cembre 2025 &ndash; La Maison Bleue &#127869;&#65039; Une soir&eacute;e rare s&rsquo;est tenue au bord du lac d&rsquo;Annecy. &#9968;&#65039;Sous l&rsquo;impulsion du Chef Yoann Conte, cinq chefs d&rsquo;exception ont uni leurs talents lors d&rsquo;un d&icirc;ner &agrave; 12 mains","protected":false},"author":3,"featured_media":35037,"comment_status":"closed","ping_status":"closed","sticky":false,"template":"","format":"standard","meta":{"_et_pb_use_builder":"","_et_pb_old_content":"","_et_gb_content_width":"","inline_featured_image":false,"footnotes":""},"categories":[6],"tags":[],"class_list":["post-35036","post","type-post","status-publish","format-standard","has-post-thumbnail","hentry","category-news"],"yoast_head":"<!-- This site is optimized with the Yoast SEO plugin v27.4 - https:\/\/yoast.com\/product\/yoast-seo-wordpress\/ -->\n<title>Soir\u00e9e Truffe - 15 ans de La Maison Bleue - Yoann Conte, un lieu embl\u00e9matique \u00e0 Veyrier-du-lac, o\u00f9 se rencontrent l&#039;\u00e9l\u00e9gance de notre h\u00f4tel 5 \u00e9toiles et la cr\u00e9ativit\u00e9 d\u2019une cuisine gastronomique 2 \u00e9toiles, au c\u0153ur d\u2019un cadre naturel exceptionnel.<\/title>\n<meta name=\"robots\" content=\"index, follow, max-snippet:-1, max-image-preview:large, max-video-preview:-1\" \/>\n<link rel=\"canonical\" href=\"https:\/\/yoann-conte.com\/es\/soiree-truffe-15-ans-de-la-maison-bleue\/\" \/>\n<meta property=\"og:locale\" content=\"es_ES\" \/>\n<meta property=\"og:type\" content=\"article\" \/>\n<meta property=\"og:title\" content=\"Soir\u00e9e Truffe - 15 ans de La Maison Bleue - Yoann Conte, un lieu embl\u00e9matique \u00e0 Veyrier-du-lac, o\u00f9 se rencontrent l&#039;\u00e9l\u00e9gance de notre h\u00f4tel 5 \u00e9toiles et la cr\u00e9ativit\u00e9 d\u2019une cuisine gastronomique 2 \u00e9toiles, au c\u0153ur d\u2019un cadre naturel exceptionnel.\" \/>\n<meta property=\"og:url\" content=\"https:\/\/yoann-conte.com\/es\/soiree-truffe-15-ans-de-la-maison-bleue\/\" \/>\n<meta property=\"og:site_name\" content=\"Yoann Conte, un lieu embl\u00e9matique \u00e0 Veyrier-du-lac, o\u00f9 se rencontrent l&#039;\u00e9l\u00e9gance de notre h\u00f4tel 5 \u00e9toiles et la cr\u00e9ativit\u00e9 d\u2019une cuisine gastronomique 2 \u00e9toiles, au c\u0153ur d\u2019un cadre naturel exceptionnel.\" \/>\n<meta property=\"article:published_time\" content=\"2025-12-03T14:05:31+00:00\" \/>\n<meta property=\"article:modified_time\" content=\"2026-01-21T10:47:36+00:00\" \/>\n<meta property=\"og:image\" content=\"https:\/\/yoann-conte.com\/wp-content\/uploads\/2026\/01\/Soiree-truffe-scaled.jpeg\" \/>\n\t<meta property=\"og:image:width\" content=\"2560\" \/>\n\t<meta property=\"og:image:height\" content=\"1440\" \/>\n\t<meta property=\"og:image:type\" content=\"image\/jpeg\" \/>\n<meta name=\"author\" content=\"Marion SEMENOL\" \/>\n<meta name=\"twitter:card\" content=\"summary_large_image\" \/>\n<meta name=\"twitter:label1\" content=\"Escrito por\" \/>\n\t<meta name=\"twitter:data1\" content=\"Marion SEMENOL\" \/>\n\t<meta name=\"twitter:label2\" content=\"Tiempo de lectura\" \/>\n\t<meta name=\"twitter:data2\" content=\"2 minutos\" \/>\n<script type=\"application\/ld+json\" class=\"yoast-schema-graph\">{\"@context\":\"https:\\\/\\\/schema.org\",\"@graph\":[{\"@type\":\"Article\",\"@id\":\"https:\\\/\\\/yoann-conte.com\\\/soiree-truffe-15-ans-de-la-maison-bleue\\\/#article\",\"isPartOf\":{\"@id\":\"https:\\\/\\\/yoann-conte.com\\\/soiree-truffe-15-ans-de-la-maison-bleue\\\/\"},\"author\":{\"name\":\"Marion SEMENOL\",\"@id\":\"https:\\\/\\\/yoann-conte.com\\\/#\\\/schema\\\/person\\\/e6a6a08a8e15dc6ba3174c7012722169\"},\"headline\":\"Soir\u00e9e Truffe &#8211; 15 ans de La Maison Bleue\",\"datePublished\":\"2025-12-03T14:05:31+00:00\",\"dateModified\":\"2026-01-21T10:47:36+00:00\",\"mainEntityOfPage\":{\"@id\":\"https:\\\/\\\/yoann-conte.com\\\/soiree-truffe-15-ans-de-la-maison-bleue\\\/\"},\"wordCount\":422,\"image\":{\"@id\":\"https:\\\/\\\/yoann-conte.com\\\/soiree-truffe-15-ans-de-la-maison-bleue\\\/#primaryimage\"},\"thumbnailUrl\":\"https:\\\/\\\/yoann-conte.com\\\/wp-content\\\/uploads\\\/2026\\\/01\\\/Soiree-truffe-scaled.jpeg\",\"articleSection\":[\"News\"],\"inLanguage\":\"es\"},{\"@type\":\"WebPage\",\"@id\":\"https:\\\/\\\/yoann-conte.com\\\/soiree-truffe-15-ans-de-la-maison-bleue\\\/\",\"url\":\"https:\\\/\\\/yoann-conte.com\\\/soiree-truffe-15-ans-de-la-maison-bleue\\\/\",\"name\":\"Soir\u00e9e Truffe - 15 ans de La Maison Bleue - Yoann Conte, un lieu embl\u00e9matique \u00e0 Veyrier-du-lac, o\u00f9 se rencontrent l&#039;\u00e9l\u00e9gance de notre h\u00f4tel 5 \u00e9toiles et la cr\u00e9ativit\u00e9 d\u2019une cuisine gastronomique 2 \u00e9toiles, au c\u0153ur d\u2019un cadre naturel exceptionnel.\",\"isPartOf\":{\"@id\":\"https:\\\/\\\/yoann-conte.com\\\/#website\"},\"primaryImageOfPage\":{\"@id\":\"https:\\\/\\\/yoann-conte.com\\\/soiree-truffe-15-ans-de-la-maison-bleue\\\/#primaryimage\"},\"image\":{\"@id\":\"https:\\\/\\\/yoann-conte.com\\\/soiree-truffe-15-ans-de-la-maison-bleue\\\/#primaryimage\"},\"thumbnailUrl\":\"https:\\\/\\\/yoann-conte.com\\\/wp-content\\\/uploads\\\/2026\\\/01\\\/Soiree-truffe-scaled.jpeg\",\"datePublished\":\"2025-12-03T14:05:31+00:00\",\"dateModified\":\"2026-01-21T10:47:36+00:00\",\"author\":{\"@id\":\"https:\\\/\\\/yoann-conte.com\\\/#\\\/schema\\\/person\\\/e6a6a08a8e15dc6ba3174c7012722169\"},\"breadcrumb\":{\"@id\":\"https:\\\/\\\/yoann-conte.com\\\/soiree-truffe-15-ans-de-la-maison-bleue\\\/#breadcrumb\"},\"inLanguage\":\"es\",\"potentialAction\":[{\"@type\":\"ReadAction\",\"target\":[\"https:\\\/\\\/yoann-conte.com\\\/soiree-truffe-15-ans-de-la-maison-bleue\\\/\"]}]},{\"@type\":\"ImageObject\",\"inLanguage\":\"es\",\"@id\":\"https:\\\/\\\/yoann-conte.com\\\/soiree-truffe-15-ans-de-la-maison-bleue\\\/#primaryimage\",\"url\":\"https:\\\/\\\/yoann-conte.com\\\/wp-content\\\/uploads\\\/2026\\\/01\\\/Soiree-truffe-scaled.jpeg\",\"contentUrl\":\"https:\\\/\\\/yoann-conte.com\\\/wp-content\\\/uploads\\\/2026\\\/01\\\/Soiree-truffe-scaled.jpeg\",\"width\":2560,\"height\":1440},{\"@type\":\"BreadcrumbList\",\"@id\":\"https:\\\/\\\/yoann-conte.com\\\/soiree-truffe-15-ans-de-la-maison-bleue\\\/#breadcrumb\",\"itemListElement\":[{\"@type\":\"ListItem\",\"position\":1,\"name\":\"Accueil\",\"item\":\"https:\\\/\\\/yoann-conte.com\\\/\"},{\"@type\":\"ListItem\",\"position\":2,\"name\":\"Menu caviar\"}]},{\"@type\":\"WebSite\",\"@id\":\"https:\\\/\\\/yoann-conte.com\\\/#website\",\"url\":\"https:\\\/\\\/yoann-conte.com\\\/\",\"name\":\"Yoann Conte, un lieu embl\u00e9matique \u00e0 Veyrier-du-lac, o\u00f9 se rencontrent l&#039;\u00e9l\u00e9gance de notre h\u00f4tel 5 \u00e9toiles et la cr\u00e9ativit\u00e9 d\u2019une cuisine gastronomique 2 \u00e9toiles, au c\u0153ur d\u2019un cadre naturel exceptionnel.\",\"description\":\"Restaurant gastronomique \u00e0 Annecy, Yoann Conte\",\"potentialAction\":[{\"@type\":\"SearchAction\",\"target\":{\"@type\":\"EntryPoint\",\"urlTemplate\":\"https:\\\/\\\/yoann-conte.com\\\/?s={search_term_string}\"},\"query-input\":{\"@type\":\"PropertyValueSpecification\",\"valueRequired\":true,\"valueName\":\"search_term_string\"}}],\"inLanguage\":\"es\"},{\"@type\":\"Person\",\"@id\":\"https:\\\/\\\/yoann-conte.com\\\/#\\\/schema\\\/person\\\/e6a6a08a8e15dc6ba3174c7012722169\",\"name\":\"Marion SEMENOL\",\"image\":{\"@type\":\"ImageObject\",\"inLanguage\":\"es\",\"@id\":\"https:\\\/\\\/secure.gravatar.com\\\/avatar\\\/d96c083a2b88daa57e45c96c0573fa7fbb4b2afff4c465c03e481011cb916fab?s=96&d=mm&r=g\",\"url\":\"https:\\\/\\\/secure.gravatar.com\\\/avatar\\\/d96c083a2b88daa57e45c96c0573fa7fbb4b2afff4c465c03e481011cb916fab?s=96&d=mm&r=g\",\"contentUrl\":\"https:\\\/\\\/secure.gravatar.com\\\/avatar\\\/d96c083a2b88daa57e45c96c0573fa7fbb4b2afff4c465c03e481011cb916fab?s=96&d=mm&r=g\",\"caption\":\"Marion SEMENOL\"},\"url\":\"https:\\\/\\\/yoann-conte.com\\\/es\\\/author\\\/anna\\\/\"}]}<\/script>\n<!-- \/ Yoast SEO plugin. -->","yoast_head_json":{"title":"Soir\u00e9e Truffe - 15 ans de La Maison Bleue - Yoann Conte, un lieu embl\u00e9matique \u00e0 Veyrier-du-lac, o\u00f9 se rencontrent l&#039;\u00e9l\u00e9gance de notre h\u00f4tel 5 \u00e9toiles et la cr\u00e9ativit\u00e9 d\u2019une cuisine gastronomique 2 \u00e9toiles, au c\u0153ur d\u2019un cadre naturel exceptionnel.","robots":{"index":"index","follow":"follow","max-snippet":"max-snippet:-1","max-image-preview":"max-image-preview:large","max-video-preview":"max-video-preview:-1"},"canonical":"https:\/\/yoann-conte.com\/es\/soiree-truffe-15-ans-de-la-maison-bleue\/","og_locale":"es_ES","og_type":"article","og_title":"Soir\u00e9e Truffe - 15 ans de La Maison Bleue - Yoann Conte, un lieu embl\u00e9matique \u00e0 Veyrier-du-lac, o\u00f9 se rencontrent l&#039;\u00e9l\u00e9gance de notre h\u00f4tel 5 \u00e9toiles et la cr\u00e9ativit\u00e9 d\u2019une cuisine gastronomique 2 \u00e9toiles, au c\u0153ur d\u2019un cadre naturel exceptionnel.","og_url":"https:\/\/yoann-conte.com\/es\/soiree-truffe-15-ans-de-la-maison-bleue\/","og_site_name":"Yoann Conte, un lieu embl\u00e9matique \u00e0 Veyrier-du-lac, o\u00f9 se rencontrent l&#039;\u00e9l\u00e9gance de notre h\u00f4tel 5 \u00e9toiles et la cr\u00e9ativit\u00e9 d\u2019une cuisine gastronomique 2 \u00e9toiles, au c\u0153ur d\u2019un cadre naturel exceptionnel.","article_published_time":"2025-12-03T14:05:31+00:00","article_modified_time":"2026-01-21T10:47:36+00:00","og_image":[{"width":2560,"height":1440,"url":"https:\/\/yoann-conte.com\/wp-content\/uploads\/2026\/01\/Soiree-truffe-scaled.jpeg","type":"image\/jpeg"}],"author":"Marion SEMENOL","twitter_card":"summary_large_image","twitter_misc":{"Escrito por":"Marion SEMENOL","Tiempo de lectura":"2 minutos"},"schema":{"@context":"https:\/\/schema.org","@graph":[{"@type":"Article","@id":"https:\/\/yoann-conte.com\/soiree-truffe-15-ans-de-la-maison-bleue\/#article","isPartOf":{"@id":"https:\/\/yoann-conte.com\/soiree-truffe-15-ans-de-la-maison-bleue\/"},"author":{"name":"Marion SEMENOL","@id":"https:\/\/yoann-conte.com\/#\/schema\/person\/e6a6a08a8e15dc6ba3174c7012722169"},"headline":"Soir\u00e9e Truffe &#8211; 15 ans de La Maison Bleue","datePublished":"2025-12-03T14:05:31+00:00","dateModified":"2026-01-21T10:47:36+00:00","mainEntityOfPage":{"@id":"https:\/\/yoann-conte.com\/soiree-truffe-15-ans-de-la-maison-bleue\/"},"wordCount":422,"image":{"@id":"https:\/\/yoann-conte.com\/soiree-truffe-15-ans-de-la-maison-bleue\/#primaryimage"},"thumbnailUrl":"https:\/\/yoann-conte.com\/wp-content\/uploads\/2026\/01\/Soiree-truffe-scaled.jpeg","articleSection":["News"],"inLanguage":"es"},{"@type":"WebPage","@id":"https:\/\/yoann-conte.com\/soiree-truffe-15-ans-de-la-maison-bleue\/","url":"https:\/\/yoann-conte.com\/soiree-truffe-15-ans-de-la-maison-bleue\/","name":"Soir\u00e9e Truffe - 15 ans de La Maison Bleue - Yoann Conte, un lieu embl\u00e9matique \u00e0 Veyrier-du-lac, o\u00f9 se rencontrent l&#039;\u00e9l\u00e9gance de notre h\u00f4tel 5 \u00e9toiles et la cr\u00e9ativit\u00e9 d\u2019une cuisine gastronomique 2 \u00e9toiles, au c\u0153ur d\u2019un cadre naturel exceptionnel.","isPartOf":{"@id":"https:\/\/yoann-conte.com\/#website"},"primaryImageOfPage":{"@id":"https:\/\/yoann-conte.com\/soiree-truffe-15-ans-de-la-maison-bleue\/#primaryimage"},"image":{"@id":"https:\/\/yoann-conte.com\/soiree-truffe-15-ans-de-la-maison-bleue\/#primaryimage"},"thumbnailUrl":"https:\/\/yoann-conte.com\/wp-content\/uploads\/2026\/01\/Soiree-truffe-scaled.jpeg","datePublished":"2025-12-03T14:05:31+00:00","dateModified":"2026-01-21T10:47:36+00:00","author":{"@id":"https:\/\/yoann-conte.com\/#\/schema\/person\/e6a6a08a8e15dc6ba3174c7012722169"},"breadcrumb":{"@id":"https:\/\/yoann-conte.com\/soiree-truffe-15-ans-de-la-maison-bleue\/#breadcrumb"},"inLanguage":"es","potentialAction":[{"@type":"ReadAction","target":["https:\/\/yoann-conte.com\/soiree-truffe-15-ans-de-la-maison-bleue\/"]}]},{"@type":"ImageObject","inLanguage":"es","@id":"https:\/\/yoann-conte.com\/soiree-truffe-15-ans-de-la-maison-bleue\/#primaryimage","url":"https:\/\/yoann-conte.com\/wp-content\/uploads\/2026\/01\/Soiree-truffe-scaled.jpeg","contentUrl":"https:\/\/yoann-conte.com\/wp-content\/uploads\/2026\/01\/Soiree-truffe-scaled.jpeg","width":2560,"height":1440},{"@type":"BreadcrumbList","@id":"https:\/\/yoann-conte.com\/soiree-truffe-15-ans-de-la-maison-bleue\/#breadcrumb","itemListElement":[{"@type":"ListItem","position":1,"name":"Accueil","item":"https:\/\/yoann-conte.com\/"},{"@type":"ListItem","position":2,"name":"Menu caviar"}]},{"@type":"WebSite","@id":"https:\/\/yoann-conte.com\/#website","url":"https:\/\/yoann-conte.com\/","name":"Yoann Conte, un lieu embl\u00e9matique \u00e0 Veyrier-du-lac, o\u00f9 se rencontrent l&#039;\u00e9l\u00e9gance de notre h\u00f4tel 5 \u00e9toiles et la cr\u00e9ativit\u00e9 d\u2019une cuisine gastronomique 2 \u00e9toiles, au c\u0153ur d\u2019un cadre naturel exceptionnel.","description":"Restaurante gastron\u00f3mico en Annecy, Yoann Conte","potentialAction":[{"@type":"SearchAction","target":{"@type":"EntryPoint","urlTemplate":"https:\/\/yoann-conte.com\/?s={search_term_string}"},"query-input":{"@type":"PropertyValueSpecification","valueRequired":true,"valueName":"search_term_string"}}],"inLanguage":"es"},{"@type":"Person","@id":"https:\/\/yoann-conte.com\/#\/schema\/person\/e6a6a08a8e15dc6ba3174c7012722169","name":"Marion SEMENOL","image":{"@type":"ImageObject","inLanguage":"es","@id":"https:\/\/secure.gravatar.com\/avatar\/d96c083a2b88daa57e45c96c0573fa7fbb4b2afff4c465c03e481011cb916fab?s=96&d=mm&r=g","url":"https:\/\/secure.gravatar.com\/avatar\/d96c083a2b88daa57e45c96c0573fa7fbb4b2afff4c465c03e481011cb916fab?s=96&d=mm&r=g","contentUrl":"https:\/\/secure.gravatar.com\/avatar\/d96c083a2b88daa57e45c96c0573fa7fbb4b2afff4c465c03e481011cb916fab?s=96&d=mm&r=g","caption":"Marion SEMENOL"},"url":"https:\/\/yoann-conte.com\/es\/author\/anna\/"}]}},"_links":{"self":[{"href":"https:\/\/yoann-conte.com\/es\/wp-json\/wp\/v2\/posts\/35036","targetHints":{"allow":["GET"]}}],"collection":[{"href":"https:\/\/yoann-conte.com\/es\/wp-json\/wp\/v2\/posts"}],"about":[{"href":"https:\/\/yoann-conte.com\/es\/wp-json\/wp\/v2\/types\/post"}],"author":[{"embeddable":true,"href":"https:\/\/yoann-conte.com\/es\/wp-json\/wp\/v2\/users\/3"}],"replies":[{"embeddable":true,"href":"https:\/\/yoann-conte.com\/es\/wp-json\/wp\/v2\/comments?post=35036"}],"version-history":[{"count":1,"href":"https:\/\/yoann-conte.com\/es\/wp-json\/wp\/v2\/posts\/35036\/revisions"}],"predecessor-version":[{"id":35038,"href":"https:\/\/yoann-conte.com\/es\/wp-json\/wp\/v2\/posts\/35036\/revisions\/35038"}],"wp:featuredmedia":[{"embeddable":true,"href":"https:\/\/yoann-conte.com\/es\/wp-json\/wp\/v2\/media\/35037"}],"wp:attachment":[{"href":"https:\/\/yoann-conte.com\/es\/wp-json\/wp\/v2\/media?parent=35036"}],"wp:term":[{"taxonomy":"category","embeddable":true,"href":"https:\/\/yoann-conte.com\/es\/wp-json\/wp\/v2\/categories?post=35036"},{"taxonomy":"post_tag","embeddable":true,"href":"https:\/\/yoann-conte.com\/es\/wp-json\/wp\/v2\/tags?post=35036"}],"curies":[{"name":"wp","href":"https:\/\/api.w.org\/{rel}","templated":true}]}}