{"id":32751,"date":"2023-07-27T11:15:42","date_gmt":"2023-07-27T09:15:42","guid":{"rendered":"https:\/\/yoann-conte.com\/?p=32751"},"modified":"2024-08-08T11:19:51","modified_gmt":"2024-08-08T09:19:51","slug":"32751-2","status":"publish","type":"post","link":"https:\/\/yoann-conte.com\/es\/32751-2\/","title":{"rendered":"Sonny - Gobernador de nuestra hermosa Casa Azul"},"content":{"rendered":"<p>D\u00e8s son plus jeune \u00e2ge, Sonny, originaire du Jura, d\u00e9veloppe un int\u00e9r\u00eat marqu\u00e9 pour les \u00e9missions t\u00e9l\u00e9vis\u00e9es mettant en avant les h\u00f4tels de luxe et le service impeccable qu&rsquo;ils offrent.<br \/>\nApr\u00e8s l\u2019obtention de son Bac, il choisit de suivre un BTS Responsable H\u00e9bergement \u00e0 Thonon-les-Bains, une d\u00e9cision qui lui permettra d&rsquo;acqu\u00e9rir les comp\u00e9tences et les connaissances n\u00e9cessaires pour entrer dans ce monde qu&rsquo;il admire tant.<\/p>\n<p>Une fois dipl\u00f4m\u00e9, il rejoint l&rsquo;\u00e9quipe de la Maison Bleue en tant que Gouvernant. Sonny appr\u00e9cie particuli\u00e8rement le contact humain et la relation avec les clients. Son sens de l&rsquo;\u00e9coute et sa bienveillance lui permettent de cr\u00e9er une atmosph\u00e8re chaleureuse et accueillante pour les clients.<\/p>\n<p>Dot\u00e9 d&rsquo;une forte \u00e9thique de travail, Sonny combine sa passion pour l&rsquo;h\u00f4tellerie et sa d\u00e9votion au cyclisme en int\u00e9grant les deux dans son quotidien. Il cherche \u00e0 offrir le meilleur \u00e0 la fois \u00e0 ses clients et \u00e0 lui-m\u00eame, en \u00e9tant constamment en qu\u00eate d&rsquo;excellence et d&rsquo;am\u00e9lioration.<\/p>\n<p>Sonny, c&rsquo;est ce m\u00e9lange unique de passion, de d\u00e9termination et de sensibilit\u00e9 qui le rend \u00e0 la fois remarquable dans son domaine professionnel et admirable en tant qu&rsquo;individu.<\/p>\n<p><img loading=\"lazy\" decoding=\"async\" class=\"alignnone size-medium wp-image-32752\" src=\"https:\/\/yoann-conte.com\/wp-content\/uploads\/2024\/08\/Capture-decran-2024-08-08-a-10.59.08-285x300.png\" alt=\"\" width=\"285\" height=\"300\" \/><\/p>","protected":false},"excerpt":{"rendered":"<p>D\u00e8s son plus jeune \u00e2ge, Sonny, originaire du Jura, d\u00e9veloppe un int\u00e9r\u00eat marqu\u00e9 pour les \u00e9missions t\u00e9l\u00e9vis\u00e9es mettant en avant les h\u00f4tels de luxe et le service impeccable qu&rsquo;ils offrent. Apr\u00e8s l\u2019obtention de son Bac, il choisit de suivre un BTS Responsable H\u00e9bergement \u00e0 Thonon-les-Bains, une d\u00e9cision qui lui permettra d&rsquo;acqu\u00e9rir les comp\u00e9tences et les<\/p>","protected":false},"author":3,"featured_media":32753,"comment_status":"closed","ping_status":"closed","sticky":false,"template":"","format":"standard","meta":{"_et_pb_use_builder":"","_et_pb_old_content":"","_et_gb_content_width":"","inline_featured_image":false,"footnotes":""},"categories":[6],"tags":[],"class_list":["post-32751","post","type-post","status-publish","format-standard","has-post-thumbnail","hentry","category-news"],"yoast_head":"<!-- This site is optimized with the Yoast SEO plugin v27.5 - https:\/\/yoast.com\/product\/yoast-seo-wordpress\/ -->\n<title>Sonny- gouvernant pour notre belle Maison Bleue - Yoann Conte, un lieu embl\u00e9matique \u00e0 Veyrier-du-lac, o\u00f9 se rencontrent l&#039;\u00e9l\u00e9gance de notre h\u00f4tel 5 \u00e9toiles et la cr\u00e9ativit\u00e9 d\u2019une cuisine gastronomique 2 \u00e9toiles, au c\u0153ur d\u2019un cadre naturel exceptionnel.<\/title>\n<meta name=\"robots\" content=\"index, follow, max-snippet:-1, max-image-preview:large, max-video-preview:-1\" \/>\n<link rel=\"canonical\" href=\"https:\/\/yoann-conte.com\/es\/32751-2\/\" \/>\n<meta property=\"og:locale\" content=\"es_ES\" \/>\n<meta property=\"og:type\" content=\"article\" \/>\n<meta property=\"og:title\" content=\"Sonny- gouvernant pour notre belle Maison Bleue - Yoann Conte, un lieu embl\u00e9matique \u00e0 Veyrier-du-lac, o\u00f9 se rencontrent l&#039;\u00e9l\u00e9gance de notre h\u00f4tel 5 \u00e9toiles et la cr\u00e9ativit\u00e9 d\u2019une cuisine gastronomique 2 \u00e9toiles, au c\u0153ur d\u2019un cadre naturel exceptionnel.\" \/>\n<meta property=\"og:description\" content=\"D\u00e8s son plus jeune \u00e2ge, Sonny, originaire du Jura, d\u00e9veloppe un int\u00e9r\u00eat marqu\u00e9 pour les \u00e9missions t\u00e9l\u00e9vis\u00e9es mettant en avant les h\u00f4tels de luxe et le service impeccable qu&rsquo;ils offrent. Apr\u00e8s l\u2019obtention de son Bac, il choisit de suivre un BTS Responsable H\u00e9bergement \u00e0 Thonon-les-Bains, une d\u00e9cision qui lui permettra d&rsquo;acqu\u00e9rir les comp\u00e9tences et les\" \/>\n<meta property=\"og:url\" content=\"https:\/\/yoann-conte.com\/es\/32751-2\/\" \/>\n<meta property=\"og:site_name\" content=\"Yoann Conte, un lieu embl\u00e9matique \u00e0 Veyrier-du-lac, o\u00f9 se rencontrent l&#039;\u00e9l\u00e9gance de notre h\u00f4tel 5 \u00e9toiles et la cr\u00e9ativit\u00e9 d\u2019une cuisine gastronomique 2 \u00e9toiles, au c\u0153ur d\u2019un cadre naturel exceptionnel.\" \/>\n<meta property=\"article:published_time\" content=\"2023-07-27T09:15:42+00:00\" \/>\n<meta property=\"article:modified_time\" content=\"2024-08-08T09:19:51+00:00\" \/>\n<meta property=\"og:image\" content=\"https:\/\/yoann-conte.com\/wp-content\/uploads\/2024\/08\/Capture-decran-2024-08-08-a-10.59.08-1-973x1024.png\" \/>\n\t<meta property=\"og:image:width\" content=\"973\" \/>\n\t<meta property=\"og:image:height\" content=\"1024\" \/>\n\t<meta property=\"og:image:type\" content=\"image\/png\" \/>\n<meta name=\"author\" content=\"Marion SEMENOL\" \/>\n<meta name=\"twitter:card\" content=\"summary_large_image\" \/>\n<meta name=\"twitter:label1\" content=\"Escrito por\" \/>\n\t<meta name=\"twitter:data1\" content=\"Marion SEMENOL\" \/>\n\t<meta name=\"twitter:label2\" content=\"Tiempo de lectura\" \/>\n\t<meta name=\"twitter:data2\" content=\"1 minuto\" \/>\n<script type=\"application\/ld+json\" class=\"yoast-schema-graph\">{\"@context\":\"https:\\\/\\\/schema.org\",\"@graph\":[{\"@type\":\"Article\",\"@id\":\"https:\\\/\\\/yoann-conte.com\\\/32751-2\\\/#article\",\"isPartOf\":{\"@id\":\"https:\\\/\\\/yoann-conte.com\\\/32751-2\\\/\"},\"author\":{\"name\":\"Marion SEMENOL\",\"@id\":\"https:\\\/\\\/yoann-conte.com\\\/#\\\/schema\\\/person\\\/e6a6a08a8e15dc6ba3174c7012722169\"},\"headline\":\"Sonny- gouvernant pour notre belle Maison Bleue\",\"datePublished\":\"2023-07-27T09:15:42+00:00\",\"dateModified\":\"2024-08-08T09:19:51+00:00\",\"mainEntityOfPage\":{\"@id\":\"https:\\\/\\\/yoann-conte.com\\\/32751-2\\\/\"},\"wordCount\":225,\"image\":{\"@id\":\"https:\\\/\\\/yoann-conte.com\\\/32751-2\\\/#primaryimage\"},\"thumbnailUrl\":\"https:\\\/\\\/yoann-conte.com\\\/wp-content\\\/uploads\\\/2024\\\/08\\\/Capture-decran-2024-08-08-a-10.59.08-1.png\",\"articleSection\":[\"News\"],\"inLanguage\":\"es\"},{\"@type\":\"WebPage\",\"@id\":\"https:\\\/\\\/yoann-conte.com\\\/32751-2\\\/\",\"url\":\"https:\\\/\\\/yoann-conte.com\\\/32751-2\\\/\",\"name\":\"Sonny- gouvernant pour notre belle Maison Bleue - Yoann Conte, un lieu embl\u00e9matique \u00e0 Veyrier-du-lac, o\u00f9 se rencontrent l&#039;\u00e9l\u00e9gance de notre h\u00f4tel 5 \u00e9toiles et la cr\u00e9ativit\u00e9 d\u2019une cuisine gastronomique 2 \u00e9toiles, au c\u0153ur d\u2019un cadre naturel exceptionnel.\",\"isPartOf\":{\"@id\":\"https:\\\/\\\/yoann-conte.com\\\/#website\"},\"primaryImageOfPage\":{\"@id\":\"https:\\\/\\\/yoann-conte.com\\\/32751-2\\\/#primaryimage\"},\"image\":{\"@id\":\"https:\\\/\\\/yoann-conte.com\\\/32751-2\\\/#primaryimage\"},\"thumbnailUrl\":\"https:\\\/\\\/yoann-conte.com\\\/wp-content\\\/uploads\\\/2024\\\/08\\\/Capture-decran-2024-08-08-a-10.59.08-1.png\",\"datePublished\":\"2023-07-27T09:15:42+00:00\",\"dateModified\":\"2024-08-08T09:19:51+00:00\",\"author\":{\"@id\":\"https:\\\/\\\/yoann-conte.com\\\/#\\\/schema\\\/person\\\/e6a6a08a8e15dc6ba3174c7012722169\"},\"breadcrumb\":{\"@id\":\"https:\\\/\\\/yoann-conte.com\\\/32751-2\\\/#breadcrumb\"},\"inLanguage\":\"es\",\"potentialAction\":[{\"@type\":\"ReadAction\",\"target\":[\"https:\\\/\\\/yoann-conte.com\\\/32751-2\\\/\"]}]},{\"@type\":\"ImageObject\",\"inLanguage\":\"es\",\"@id\":\"https:\\\/\\\/yoann-conte.com\\\/32751-2\\\/#primaryimage\",\"url\":\"https:\\\/\\\/yoann-conte.com\\\/wp-content\\\/uploads\\\/2024\\\/08\\\/Capture-decran-2024-08-08-a-10.59.08-1.png\",\"contentUrl\":\"https:\\\/\\\/yoann-conte.com\\\/wp-content\\\/uploads\\\/2024\\\/08\\\/Capture-decran-2024-08-08-a-10.59.08-1.png\",\"width\":1550,\"height\":1632},{\"@type\":\"BreadcrumbList\",\"@id\":\"https:\\\/\\\/yoann-conte.com\\\/32751-2\\\/#breadcrumb\",\"itemListElement\":[{\"@type\":\"ListItem\",\"position\":1,\"name\":\"Accueil\",\"item\":\"https:\\\/\\\/yoann-conte.com\\\/\"},{\"@type\":\"ListItem\",\"position\":2,\"name\":\"Sonny- gouvernant pour notre belle Maison Bleue\"}]},{\"@type\":\"WebSite\",\"@id\":\"https:\\\/\\\/yoann-conte.com\\\/#website\",\"url\":\"https:\\\/\\\/yoann-conte.com\\\/\",\"name\":\"Yoann Conte, un lieu embl\u00e9matique \u00e0 Veyrier-du-lac, o\u00f9 se rencontrent l&#039;\u00e9l\u00e9gance de notre h\u00f4tel 5 \u00e9toiles et la cr\u00e9ativit\u00e9 d\u2019une cuisine gastronomique 2 \u00e9toiles, au c\u0153ur d\u2019un cadre naturel exceptionnel.\",\"description\":\"Restaurant gastronomique \u00e0 Annecy, Yoann Conte\",\"potentialAction\":[{\"@type\":\"SearchAction\",\"target\":{\"@type\":\"EntryPoint\",\"urlTemplate\":\"https:\\\/\\\/yoann-conte.com\\\/?s={search_term_string}\"},\"query-input\":{\"@type\":\"PropertyValueSpecification\",\"valueRequired\":true,\"valueName\":\"search_term_string\"}}],\"inLanguage\":\"es\"},{\"@type\":\"Person\",\"@id\":\"https:\\\/\\\/yoann-conte.com\\\/#\\\/schema\\\/person\\\/e6a6a08a8e15dc6ba3174c7012722169\",\"name\":\"Marion SEMENOL\",\"image\":{\"@type\":\"ImageObject\",\"inLanguage\":\"es\",\"@id\":\"https:\\\/\\\/secure.gravatar.com\\\/avatar\\\/d96c083a2b88daa57e45c96c0573fa7fbb4b2afff4c465c03e481011cb916fab?s=96&d=mm&r=g\",\"url\":\"https:\\\/\\\/secure.gravatar.com\\\/avatar\\\/d96c083a2b88daa57e45c96c0573fa7fbb4b2afff4c465c03e481011cb916fab?s=96&d=mm&r=g\",\"contentUrl\":\"https:\\\/\\\/secure.gravatar.com\\\/avatar\\\/d96c083a2b88daa57e45c96c0573fa7fbb4b2afff4c465c03e481011cb916fab?s=96&d=mm&r=g\",\"caption\":\"Marion SEMENOL\"},\"url\":\"https:\\\/\\\/yoann-conte.com\\\/es\\\/author\\\/anna\\\/\"}]}<\/script>\n<!-- \/ Yoast SEO plugin. -->","yoast_head_json":{"title":"Sonny- gouvernant pour notre belle Maison Bleue - Yoann Conte, un lieu embl\u00e9matique \u00e0 Veyrier-du-lac, o\u00f9 se rencontrent l&#039;\u00e9l\u00e9gance de notre h\u00f4tel 5 \u00e9toiles et la cr\u00e9ativit\u00e9 d\u2019une cuisine gastronomique 2 \u00e9toiles, au c\u0153ur d\u2019un cadre naturel exceptionnel.","robots":{"index":"index","follow":"follow","max-snippet":"max-snippet:-1","max-image-preview":"max-image-preview:large","max-video-preview":"max-video-preview:-1"},"canonical":"https:\/\/yoann-conte.com\/es\/32751-2\/","og_locale":"es_ES","og_type":"article","og_title":"Sonny- gouvernant pour notre belle Maison Bleue - Yoann Conte, un lieu embl\u00e9matique \u00e0 Veyrier-du-lac, o\u00f9 se rencontrent l&#039;\u00e9l\u00e9gance de notre h\u00f4tel 5 \u00e9toiles et la cr\u00e9ativit\u00e9 d\u2019une cuisine gastronomique 2 \u00e9toiles, au c\u0153ur d\u2019un cadre naturel exceptionnel.","og_description":"D\u00e8s son plus jeune \u00e2ge, Sonny, originaire du Jura, d\u00e9veloppe un int\u00e9r\u00eat marqu\u00e9 pour les \u00e9missions t\u00e9l\u00e9vis\u00e9es mettant en avant les h\u00f4tels de luxe et le service impeccable qu&rsquo;ils offrent. Apr\u00e8s l\u2019obtention de son Bac, il choisit de suivre un BTS Responsable H\u00e9bergement \u00e0 Thonon-les-Bains, une d\u00e9cision qui lui permettra d&rsquo;acqu\u00e9rir les comp\u00e9tences et les","og_url":"https:\/\/yoann-conte.com\/es\/32751-2\/","og_site_name":"Yoann Conte, un lieu embl\u00e9matique \u00e0 Veyrier-du-lac, o\u00f9 se rencontrent l&#039;\u00e9l\u00e9gance de notre h\u00f4tel 5 \u00e9toiles et la cr\u00e9ativit\u00e9 d\u2019une cuisine gastronomique 2 \u00e9toiles, au c\u0153ur d\u2019un cadre naturel exceptionnel.","article_published_time":"2023-07-27T09:15:42+00:00","article_modified_time":"2024-08-08T09:19:51+00:00","og_image":[{"width":973,"height":1024,"url":"https:\/\/yoann-conte.com\/wp-content\/uploads\/2024\/08\/Capture-decran-2024-08-08-a-10.59.08-1-973x1024.png","type":"image\/png"}],"author":"Marion SEMENOL","twitter_card":"summary_large_image","twitter_misc":{"Escrito por":"Marion SEMENOL","Tiempo de lectura":"1 minuto"},"schema":{"@context":"https:\/\/schema.org","@graph":[{"@type":"Article","@id":"https:\/\/yoann-conte.com\/32751-2\/#article","isPartOf":{"@id":"https:\/\/yoann-conte.com\/32751-2\/"},"author":{"name":"Marion SEMENOL","@id":"https:\/\/yoann-conte.com\/#\/schema\/person\/e6a6a08a8e15dc6ba3174c7012722169"},"headline":"Sonny- gouvernant pour notre belle Maison Bleue","datePublished":"2023-07-27T09:15:42+00:00","dateModified":"2024-08-08T09:19:51+00:00","mainEntityOfPage":{"@id":"https:\/\/yoann-conte.com\/32751-2\/"},"wordCount":225,"image":{"@id":"https:\/\/yoann-conte.com\/32751-2\/#primaryimage"},"thumbnailUrl":"https:\/\/yoann-conte.com\/wp-content\/uploads\/2024\/08\/Capture-decran-2024-08-08-a-10.59.08-1.png","articleSection":["News"],"inLanguage":"es"},{"@type":"WebPage","@id":"https:\/\/yoann-conte.com\/32751-2\/","url":"https:\/\/yoann-conte.com\/32751-2\/","name":"Sonny- gouvernant pour notre belle Maison Bleue - Yoann Conte, un lieu embl\u00e9matique \u00e0 Veyrier-du-lac, o\u00f9 se rencontrent l&#039;\u00e9l\u00e9gance de notre h\u00f4tel 5 \u00e9toiles et la cr\u00e9ativit\u00e9 d\u2019une cuisine gastronomique 2 \u00e9toiles, au c\u0153ur d\u2019un cadre naturel exceptionnel.","isPartOf":{"@id":"https:\/\/yoann-conte.com\/#website"},"primaryImageOfPage":{"@id":"https:\/\/yoann-conte.com\/32751-2\/#primaryimage"},"image":{"@id":"https:\/\/yoann-conte.com\/32751-2\/#primaryimage"},"thumbnailUrl":"https:\/\/yoann-conte.com\/wp-content\/uploads\/2024\/08\/Capture-decran-2024-08-08-a-10.59.08-1.png","datePublished":"2023-07-27T09:15:42+00:00","dateModified":"2024-08-08T09:19:51+00:00","author":{"@id":"https:\/\/yoann-conte.com\/#\/schema\/person\/e6a6a08a8e15dc6ba3174c7012722169"},"breadcrumb":{"@id":"https:\/\/yoann-conte.com\/32751-2\/#breadcrumb"},"inLanguage":"es","potentialAction":[{"@type":"ReadAction","target":["https:\/\/yoann-conte.com\/32751-2\/"]}]},{"@type":"ImageObject","inLanguage":"es","@id":"https:\/\/yoann-conte.com\/32751-2\/#primaryimage","url":"https:\/\/yoann-conte.com\/wp-content\/uploads\/2024\/08\/Capture-decran-2024-08-08-a-10.59.08-1.png","contentUrl":"https:\/\/yoann-conte.com\/wp-content\/uploads\/2024\/08\/Capture-decran-2024-08-08-a-10.59.08-1.png","width":1550,"height":1632},{"@type":"BreadcrumbList","@id":"https:\/\/yoann-conte.com\/32751-2\/#breadcrumb","itemListElement":[{"@type":"ListItem","position":1,"name":"Accueil","item":"https:\/\/yoann-conte.com\/"},{"@type":"ListItem","position":2,"name":"Sonny- gouvernant pour notre belle Maison Bleue"}]},{"@type":"WebSite","@id":"https:\/\/yoann-conte.com\/#website","url":"https:\/\/yoann-conte.com\/","name":"Yoann Conte, un lieu embl\u00e9matique \u00e0 Veyrier-du-lac, o\u00f9 se rencontrent l&#039;\u00e9l\u00e9gance de notre h\u00f4tel 5 \u00e9toiles et la cr\u00e9ativit\u00e9 d\u2019une cuisine gastronomique 2 \u00e9toiles, au c\u0153ur d\u2019un cadre naturel exceptionnel.","description":"Restaurante gastron\u00f3mico en Annecy, Yoann Conte","potentialAction":[{"@type":"SearchAction","target":{"@type":"EntryPoint","urlTemplate":"https:\/\/yoann-conte.com\/?s={search_term_string}"},"query-input":{"@type":"PropertyValueSpecification","valueRequired":true,"valueName":"search_term_string"}}],"inLanguage":"es"},{"@type":"Person","@id":"https:\/\/yoann-conte.com\/#\/schema\/person\/e6a6a08a8e15dc6ba3174c7012722169","name":"Marion SEMENOL","image":{"@type":"ImageObject","inLanguage":"es","@id":"https:\/\/secure.gravatar.com\/avatar\/d96c083a2b88daa57e45c96c0573fa7fbb4b2afff4c465c03e481011cb916fab?s=96&d=mm&r=g","url":"https:\/\/secure.gravatar.com\/avatar\/d96c083a2b88daa57e45c96c0573fa7fbb4b2afff4c465c03e481011cb916fab?s=96&d=mm&r=g","contentUrl":"https:\/\/secure.gravatar.com\/avatar\/d96c083a2b88daa57e45c96c0573fa7fbb4b2afff4c465c03e481011cb916fab?s=96&d=mm&r=g","caption":"Marion SEMENOL"},"url":"https:\/\/yoann-conte.com\/es\/author\/anna\/"}]}},"_links":{"self":[{"href":"https:\/\/yoann-conte.com\/es\/wp-json\/wp\/v2\/posts\/32751","targetHints":{"allow":["GET"]}}],"collection":[{"href":"https:\/\/yoann-conte.com\/es\/wp-json\/wp\/v2\/posts"}],"about":[{"href":"https:\/\/yoann-conte.com\/es\/wp-json\/wp\/v2\/types\/post"}],"author":[{"embeddable":true,"href":"https:\/\/yoann-conte.com\/es\/wp-json\/wp\/v2\/users\/3"}],"replies":[{"embeddable":true,"href":"https:\/\/yoann-conte.com\/es\/wp-json\/wp\/v2\/comments?post=32751"}],"version-history":[{"count":0,"href":"https:\/\/yoann-conte.com\/es\/wp-json\/wp\/v2\/posts\/32751\/revisions"}],"wp:featuredmedia":[{"embeddable":true,"href":"https:\/\/yoann-conte.com\/es\/wp-json\/wp\/v2\/media\/32753"}],"wp:attachment":[{"href":"https:\/\/yoann-conte.com\/es\/wp-json\/wp\/v2\/media?parent=32751"}],"wp:term":[{"taxonomy":"category","embeddable":true,"href":"https:\/\/yoann-conte.com\/es\/wp-json\/wp\/v2\/categories?post=32751"},{"taxonomy":"post_tag","embeddable":true,"href":"https:\/\/yoann-conte.com\/es\/wp-json\/wp\/v2\/tags?post=32751"}],"curies":[{"name":"wp","href":"https:\/\/api.w.org\/{rel}","templated":true}]}}