{"id":31236,"date":"2022-10-13T15:05:13","date_gmt":"2022-10-13T13:05:13","guid":{"rendered":"https:\/\/yoann-conte.com\/?p=31236"},"modified":"2024-03-20T10:10:08","modified_gmt":"2024-03-20T09:10:08","slug":"des-artisans-dexceptions","status":"publish","type":"post","link":"https:\/\/yoann-conte.com\/es\/des-artisans-dexceptions\/","title":{"rendered":"Artesanos excepcionales"},"content":{"rendered":"<div class=\"wpb-content-wrapper\"><div data-vc-full-width=\"true\" data-vc-full-width-init=\"false\" data-vc-stretch-content=\"true\" class=\"vc_row wpb_row vc_row-fluid vc_custom_1689169309916 vc_row-o-equal-height vc_row-flex mpc-row\"><div class=\"wpb_column vc_column_container vc_col-sm-12 mpc-column\" data-column-id=\"mpc_column-769f4ef4eab943\"><div class=\"vc_column-inner vc_custom_1689173610484\"><div class=\"wpb_wrapper\"><div class=\"vc_row wpb_row vc_inner vc_row-fluid mpc-row\"><div class=\"wpb_column vc_column_container vc_col-sm-2 mpc-column\" data-column-id=\"mpc_column-869f4ef4ea5b9e\"><div class=\"vc_column-inner\"><div class=\"wpb_wrapper\"><\/div><\/div><\/div><div class=\"wpb_column vc_column_container vc_col-sm-8 mpc-column\" data-column-id=\"mpc_column-8769f4ef4ea5e30\"><div class=\"vc_column-inner\"><div class=\"wpb_wrapper\">\n\t<div class=\"wpb_text_column wpb_content_element\">\n\t\t<div class=\"wpb_wrapper\">\n\t\t\t<h2 style=\"text-align: center;\"><span style=\"font-family: bon-vivant-bold; font-size: 24pt;\"><strong>Artesanos excepcionales<\/strong><\/span><\/h2>\n\n\t\t<\/div>\n\t<\/div>\n\n\t<div class=\"wpb_text_column wpb_content_element\">\n\t\t<div class=\"wpb_wrapper\">\n\t\t\t<p style=\"text-align: center; font-family: Brother Home;\">13 de octubre de 2022<\/p>\n\n\t\t<\/div>\n\t<\/div>\n<\/div><\/div><\/div><div class=\"wpb_column vc_column_container vc_col-sm-2 mpc-column\" data-column-id=\"mpc_column-4969f4ef4ea5efe\"><div class=\"vc_column-inner\"><div class=\"wpb_wrapper\"><\/div><\/div><\/div><\/div><div class=\"vc_row wpb_row vc_inner vc_row-fluid mpc-row\"><div class=\"wpb_column vc_column_container vc_col-sm-2 mpc-column\" data-column-id=\"mpc_column-7769f4ef4ea6139\"><div class=\"vc_column-inner\"><div class=\"wpb_wrapper\"><\/div><\/div><\/div><div class=\"wpb_column vc_column_container vc_col-sm-8 mpc-column\" data-column-id=\"mpc_column-9369f4ef4ea70e5\"><div class=\"vc_column-inner\"><div class=\"wpb_wrapper\">\n\t<div class=\"wpb_single_image wpb_content_element vc_align_center wpb_content_element\">\n\t\t\n\t\t<figure class=\"wpb_wrapper vc_figure\">\n\t\t\t<div class=\"vc_single_image-wrapper vc_box_outline  vc_box_border_black\"><img loading=\"lazy\" decoding=\"async\" width=\"900\" height=\"626\" src=\"https:\/\/yoann-conte.com\/wp-content\/uploads\/2024\/03\/dsc_5947_75_fr.jpg\" class=\"vc_single_image-img attachment-full\" alt=\"\" title=\"dsc_5947_75_es\" srcset=\"https:\/\/yoann-conte.com\/wp-content\/uploads\/2024\/03\/dsc_5947_75_fr.jpg 900w, https:\/\/yoann-conte.com\/wp-content\/uploads\/2024\/03\/dsc_5947_75_fr-480x334.jpg 480w\" sizes=\"(min-width: 0px) and (max-width: 480px) 480px, (min-width: 481px) 900px, 100vw\"><\/div>\n\t\t<\/figure>\n\t<\/div>\n<\/div><\/div><\/div><div class=\"wpb_column vc_column_container vc_col-sm-2 mpc-column\" data-column-id=\"mpc_column-9769f4ef4ea71c2\"><div class=\"vc_column-inner\"><div class=\"wpb_wrapper\"><\/div><\/div><\/div><\/div><div class=\"vc_row wpb_row vc_inner vc_row-fluid mpc-row\"><div class=\"wpb_column vc_column_container vc_col-sm-2 mpc-column\" data-column-id=\"mpc_column-4469f4ef4ea7415\"><div class=\"vc_column-inner\"><div class=\"wpb_wrapper\"><\/div><\/div><\/div><div class=\"wpb_column vc_column_container vc_col-sm-8 mpc-column\" data-column-id=\"mpc_column-1369f4ef4ea7664\"><div class=\"vc_column-inner\"><div class=\"wpb_wrapper\">\n\t<div class=\"wpb_text_column wpb_content_element\">\n\t\t<div class=\"wpb_wrapper\">\n\t\t\t<h3 style=\"text-align: center;\"><span style=\"font-family: bon-vivant-bold; font-size: 18pt;\">Cerca de la naturaleza<\/span><\/h3>\n\n\t\t<\/div>\n\t<\/div>\n\n\t<div class=\"wpb_text_column wpb_content_element\">\n\t\t<div class=\"wpb_wrapper\">\n\t\t\t<p style=\"text-align: justify;\"><span style=\"font-family: brandon; font-size: 14pt;\">Desde hace algunos a\u00f1os, el medio ambiente es uno de los temas m\u00e1s sensibles de nuestra vida cotidiana. El hotel de hoy debe anticiparse al de ma\u00f1ana, crecer y evolucionar respetando la naturaleza y el medio ambiente. Ser ecol\u00f3gico no es una vocaci\u00f3n ni una forma de vida, es un compromiso de todos para devolver a la tierra lo que nos da de forma \u00e9tica, aplicando medidas eco-responsables. Adem\u00e1s de los valores que queremos transmitir, como la generosidad, el respeto y la benevolencia, abogamos por valores como la autenticidad, la naturaleza bruta de los elementos y el saber hacer. Gracias a esta reflexi\u00f3n y a un golpe del destino conocimos a Beno\u00eet Vauthier y Manu Lerendu, dos escultores, ebanistas y creadores de objetos \u00fanicos y fascinantes. Estos artistas y dise\u00f1adores, afincados en el departamento franc\u00e9s de los Vosgos, han trabajado con nosotros para crear piezas con los mismos valores \u00e9ticos. Creaciones \u00fanicas y sostenibles que respetan el medio ambiente. Le presentamos nuestras mesas de madera maciza de nogal. Una artesan\u00eda \u00fanica, tallada a mano. El Chef ha imaginado un mundo en el que el interior de la sala gastron\u00f3mica se transforma en un entorno sensorial, un paisaje de peque\u00f1as cordilleras. Una invitaci\u00f3n a viajar, a estar lo m\u00e1s cerca posible de la naturaleza. El Chef Yoann Conte le transporta a las monta\u00f1as de su infancia. Una ascensi\u00f3n a las cumbres m\u00e1s altas de los Alpes y al Mont Blanc. Como en los viejos tiempos, aqu\u00ed se toma su tiempo y se deja transportar.<\/span><\/p>\n\n\t\t<\/div>\n\t<\/div>\n<\/div><\/div><\/div><div class=\"wpb_column vc_column_container vc_col-sm-2 mpc-column\" data-column-id=\"mpc_column-769f4ef4ea7735\"><div class=\"vc_column-inner\"><div class=\"wpb_wrapper\"><\/div><\/div><\/div><\/div><div class=\"vc_row wpb_row vc_inner vc_row-fluid mpc-row\"><div class=\"wpb_column vc_column_container vc_col-sm-2 mpc-column\" data-column-id=\"mpc_column-8469f4ef4ea7986\"><div class=\"vc_column-inner\"><div class=\"wpb_wrapper\"><\/div><\/div><\/div><div class=\"wpb_column vc_column_container vc_col-sm-8 mpc-column\" data-column-id=\"mpc_column-3569f4ef4ea863f\"><div class=\"vc_column-inner\"><div class=\"wpb_wrapper\">\n\t<div class=\"wpb_single_image wpb_content_element vc_align_center wpb_content_element\">\n\t\t\n\t\t<figure class=\"wpb_wrapper vc_figure\">\n\t\t\t<div class=\"vc_single_image-wrapper vc_box_outline  vc_box_border_black\"><img loading=\"lazy\" decoding=\"async\" width=\"1024\" height=\"712\" src=\"https:\/\/yoann-conte.com\/wp-content\/uploads\/2024\/03\/DSC_5947.jpg\" class=\"vc_single_image-img attachment-full\" alt=\"\" title=\"DSC_5947\" srcset=\"https:\/\/yoann-conte.com\/wp-content\/uploads\/2024\/03\/DSC_5947.jpg 1024w, https:\/\/yoann-conte.com\/wp-content\/uploads\/2024\/03\/DSC_5947-980x681.jpg 980w, https:\/\/yoann-conte.com\/wp-content\/uploads\/2024\/03\/DSC_5947-480x334.jpg 480w\" sizes=\"(min-width: 0px) and (max-width: 480px) 480px, (min-width: 481px) and (max-width: 980px) 980px, (min-width: 981px) 1024px, 100vw\"><\/div>\n\t\t<\/figure>\n\t<\/div>\n<\/div><\/div><\/div><div class=\"wpb_column vc_column_container vc_col-sm-2 mpc-column\" data-column-id=\"mpc_column-2469f4ef4ea8749\"><div class=\"vc_column-inner\"><div class=\"wpb_wrapper\"><\/div><\/div><\/div><\/div><div class=\"vc_row wpb_row vc_inner vc_row-fluid mpc-row\"><div class=\"wpb_column vc_column_container vc_col-sm-2 mpc-column\" data-column-id=\"mpc_column-4369f4ef4ea8951\"><div class=\"vc_column-inner\"><div class=\"wpb_wrapper\"><\/div><\/div><\/div><div class=\"wpb_column vc_column_container vc_col-sm-8 mpc-column\" data-column-id=\"mpc_column-5869f4ef4ea8b64\"><div class=\"vc_column-inner\"><div class=\"wpb_wrapper\">\n\t<div class=\"wpb_text_column wpb_content_element\">\n\t\t<div class=\"wpb_wrapper\">\n\t\t\t<h3 style=\"text-align: center;\"><span style=\"font-family: bon-vivant-bold; font-size: 18pt;\">Nuestro enfoque medioambiental<\/span><\/h3>\n\n\t\t<\/div>\n\t<\/div>\n\n\t<div class=\"wpb_text_column wpb_content_element\">\n\t\t<div class=\"wpb_wrapper\">\n\t\t\t<p style=\"text-align: justify;\"><span style=\"font-size: 14pt; font-family: brandon;\">El dise\u00f1o de las mesas tambi\u00e9n est\u00e1 relacionado con el servicio en el comedor y la comodidad de nuestro personal. Las mesas sin mantel ahorran tiempo de planchado y de montaje. En cuanto a la ecolog\u00eda, ya no es necesario el consumo de energ\u00eda vinculado al agua y la electricidad, lo que supone un ahorro de m\u00e1s de 30.000 litros de agua y m\u00e1s de 200 Kwats al a\u00f1o. La madera utilizada para fabricar las mesas procede exclusivamente de especies locales, de la regi\u00f3n de Is\u00e8re, cerca de Grenoble. Todos los aserraderos tienen la etiqueta E.P.V. (Entreprise du Patrimoine Vivant), que cumple las normas de las etiquetas P.E. y F.S.C. El acabado al aceite de las mesas tambi\u00e9n cumple las normas de la etiqueta ecol\u00f3gica FR\/044\/011, y est\u00e1 certificado sin COV.<\/span><\/p>\n\n\t\t<\/div>\n\t<\/div>\n<\/div><\/div><\/div><div class=\"wpb_column vc_column_container vc_col-sm-2 mpc-column\" data-column-id=\"mpc_column-269f4ef4ea8c3b\"><div class=\"vc_column-inner\"><div class=\"wpb_wrapper\"><\/div><\/div><\/div><\/div><div class=\"vc_row wpb_row vc_inner vc_row-fluid vc_custom_1689172135668 mpc-row\"><div class=\"wpb_column vc_column_container vc_col-sm-2 mpc-column\" data-column-id=\"mpc_column-5169f4ef4ea8ea5\"><div class=\"vc_column-inner\"><div class=\"wpb_wrapper\"><\/div><\/div><\/div><div class=\"wpb_column vc_column_container vc_col-sm-8 mpc-column\" data-column-id=\"mpc_column-4769f4ef4ea9baa\"><div class=\"vc_column-inner\"><div class=\"wpb_wrapper\">\n\t<div class=\"wpb_single_image wpb_content_element vc_align_center wpb_content_element\">\n\t\t\n\t\t<figure class=\"wpb_wrapper vc_figure\">\n\t\t\t<div class=\"vc_single_image-wrapper vc_box_outline  vc_box_border_black\"><img loading=\"lazy\" decoding=\"async\" width=\"1024\" height=\"682\" src=\"https:\/\/yoann-conte.com\/wp-content\/uploads\/2024\/03\/DSC_5940.jpg\" class=\"vc_single_image-img attachment-full\" alt=\"\" title=\"DSC_5940\" srcset=\"https:\/\/yoann-conte.com\/wp-content\/uploads\/2024\/03\/DSC_5940.jpg 1024w, https:\/\/yoann-conte.com\/wp-content\/uploads\/2024\/03\/DSC_5940-980x653.jpg 980w, https:\/\/yoann-conte.com\/wp-content\/uploads\/2024\/03\/DSC_5940-480x320.jpg 480w\" sizes=\"(min-width: 0px) and (max-width: 480px) 480px, (min-width: 481px) and (max-width: 980px) 980px, (min-width: 981px) 1024px, 100vw\"><\/div>\n\t\t<\/figure>\n\t<\/div>\n<\/div><\/div><\/div><div class=\"wpb_column vc_column_container vc_col-sm-2 mpc-column\" data-column-id=\"mpc_column-6369f4ef4ea9c8a\"><div class=\"vc_column-inner\"><div class=\"wpb_wrapper\"><\/div><\/div><\/div><\/div><div class=\"vc_row wpb_row vc_inner vc_row-fluid vc_custom_1689169272262 mpc-row\"><div class=\"wpb_column vc_column_container vc_col-sm-2 mpc-column\" data-column-id=\"mpc_column-769f4ef4ea9f3f\"><div class=\"vc_column-inner\"><div class=\"wpb_wrapper\"><\/div><\/div><\/div><div class=\"wpb_column vc_column_container vc_col-sm-8 mpc-column\" data-column-id=\"mpc_column-9269f4ef4eaa216\"><div class=\"vc_column-inner\"><div class=\"wpb_wrapper\">\n\t<div class=\"wpb_text_column wpb_content_element\">\n\t\t<div class=\"wpb_wrapper\">\n\t\t\t<h3 style=\"text-align: center;\"><span style=\"font-family: bon-vivant-bold; font-size: 18pt;\">Reconectar con nuestra tierra<\/span><\/h3>\n\n\t\t<\/div>\n\t<\/div>\n\n\t<div class=\"wpb_text_column wpb_content_element\">\n\t\t<div class=\"wpb_wrapper\">\n\t\t\t<p style=\"text-align: justify;\"><span style=\"font-family: brandon; font-size: 14pt;\">Nuestros diversos cambios nos han permitido crear una transici\u00f3n ecol\u00f3gica hacia un futuro m\u00e1s sostenible, mejorando la gesti\u00f3n de nuestros recursos para una alternativa m\u00e1s verde.<\/span><\/p>\n\n\t\t<\/div>\n\t<\/div>\n<\/div><\/div><\/div><div class=\"wpb_column vc_column_container vc_col-sm-2 mpc-column\" data-column-id=\"mpc_column-2969f4ef4eaa330\"><div class=\"vc_column-inner\"><div class=\"wpb_wrapper\"><\/div><\/div><\/div><\/div><div class=\"vc_row wpb_row vc_inner vc_row-fluid vc_custom_1689169272262 mpc-row\"><div class=\"wpb_column vc_column_container vc_col-sm-2 mpc-column\" data-column-id=\"mpc_column-5569f4ef4eaa597\"><div class=\"vc_column-inner\"><div class=\"wpb_wrapper\"><\/div><\/div><\/div><div class=\"wpb_column vc_column_container vc_col-sm-8 mpc-column\" data-column-id=\"mpc_column-5869f4ef4eab435\"><div class=\"vc_column-inner\"><div class=\"wpb_wrapper\">\n\t<div class=\"wpb_single_image wpb_content_element vc_align_center wpb_content_element\">\n\t\t\n\t\t<figure class=\"wpb_wrapper vc_figure\">\n\t\t\t<div class=\"vc_single_image-wrapper vc_box_outline  vc_box_border_black\"><img loading=\"lazy\" decoding=\"async\" width=\"1024\" height=\"582\" src=\"https:\/\/yoann-conte.com\/wp-content\/uploads\/2024\/03\/DSC_5959.jpg\" class=\"vc_single_image-img attachment-full\" alt=\"\" title=\"DSC_5959\" srcset=\"https:\/\/yoann-conte.com\/wp-content\/uploads\/2024\/03\/DSC_5959.jpg 1024w, https:\/\/yoann-conte.com\/wp-content\/uploads\/2024\/03\/DSC_5959-980x557.jpg 980w, https:\/\/yoann-conte.com\/wp-content\/uploads\/2024\/03\/DSC_5959-480x273.jpg 480w\" sizes=\"(min-width: 0px) and (max-width: 480px) 480px, (min-width: 481px) and (max-width: 980px) 980px, (min-width: 981px) 1024px, 100vw\"><\/div>\n\t\t<\/figure>\n\t<\/div>\n<\/div><\/div><\/div><div class=\"wpb_column vc_column_container vc_col-sm-2 mpc-column\" data-column-id=\"mpc_column-1669f4ef4eab556\"><div class=\"vc_column-inner\"><div class=\"wpb_wrapper\"><\/div><\/div><\/div><\/div><\/div><\/div><\/div><\/div><div class=\"vc_row-full-width vc_clearfix\"><\/div>\n<\/div>","protected":false},"excerpt":{"rendered":"<p style=\"text-align: center;\">pour l\u2019Association Les Puits du D\u00e9sert.<\/p>","protected":false},"author":3,"featured_media":31330,"comment_status":"closed","ping_status":"closed","sticky":false,"template":"","format":"standard","meta":{"_et_pb_use_builder":"","_et_pb_old_content":"","_et_gb_content_width":"","inline_featured_image":false,"footnotes":""},"categories":[6],"tags":[],"class_list":["post-31236","post","type-post","status-publish","format-standard","has-post-thumbnail","hentry","category-news"],"yoast_head":"<!-- This site is optimized with the Yoast SEO plugin v27.5 - https:\/\/yoast.com\/product\/yoast-seo-wordpress\/ -->\n<title>Des artisans d&#039;exceptions - Yoann Conte, un lieu embl\u00e9matique \u00e0 Veyrier-du-lac, o\u00f9 se rencontrent l&#039;\u00e9l\u00e9gance de notre h\u00f4tel 5 \u00e9toiles et la cr\u00e9ativit\u00e9 d\u2019une cuisine gastronomique 2 \u00e9toiles, au c\u0153ur d\u2019un cadre naturel exceptionnel.<\/title>\n<meta name=\"robots\" content=\"index, follow, max-snippet:-1, max-image-preview:large, max-video-preview:-1\" \/>\n<link rel=\"canonical\" href=\"https:\/\/yoann-conte.com\/es\/des-artisans-dexceptions\/\" \/>\n<meta property=\"og:locale\" content=\"es_ES\" \/>\n<meta property=\"og:type\" content=\"article\" \/>\n<meta property=\"og:title\" content=\"Des artisans d&#039;exceptions - Yoann Conte, un lieu embl\u00e9matique \u00e0 Veyrier-du-lac, o\u00f9 se rencontrent l&#039;\u00e9l\u00e9gance de notre h\u00f4tel 5 \u00e9toiles et la cr\u00e9ativit\u00e9 d\u2019une cuisine gastronomique 2 \u00e9toiles, au c\u0153ur d\u2019un cadre naturel exceptionnel.\" \/>\n<meta property=\"og:description\" content=\"pour l\u2019Association Les Puits du D\u00e9sert.\" \/>\n<meta property=\"og:url\" content=\"https:\/\/yoann-conte.com\/es\/des-artisans-dexceptions\/\" \/>\n<meta property=\"og:site_name\" content=\"Yoann Conte, un lieu embl\u00e9matique \u00e0 Veyrier-du-lac, o\u00f9 se rencontrent l&#039;\u00e9l\u00e9gance de notre h\u00f4tel 5 \u00e9toiles et la cr\u00e9ativit\u00e9 d\u2019une cuisine gastronomique 2 \u00e9toiles, au c\u0153ur d\u2019un cadre naturel exceptionnel.\" \/>\n<meta property=\"article:published_time\" content=\"2022-10-13T13:05:13+00:00\" \/>\n<meta property=\"article:modified_time\" content=\"2024-03-20T09:10:08+00:00\" \/>\n<meta property=\"og:image\" content=\"https:\/\/yoann-conte.com\/wp-content\/uploads\/2024\/03\/dsc_5947_75_fr.jpg\" \/>\n\t<meta property=\"og:image:width\" content=\"900\" \/>\n\t<meta property=\"og:image:height\" content=\"626\" \/>\n\t<meta property=\"og:image:type\" content=\"image\/jpeg\" \/>\n<meta name=\"author\" content=\"Marion SEMENOL\" \/>\n<meta name=\"twitter:card\" content=\"summary_large_image\" \/>\n<meta name=\"twitter:label1\" content=\"Escrito por\" \/>\n\t<meta name=\"twitter:data1\" content=\"Marion SEMENOL\" \/>\n\t<meta name=\"twitter:label2\" content=\"Tiempo de lectura\" \/>\n\t<meta name=\"twitter:data2\" content=\"4 minutos\" \/>\n<script type=\"application\/ld+json\" class=\"yoast-schema-graph\">{\"@context\":\"https:\\\/\\\/schema.org\",\"@graph\":[{\"@type\":\"Article\",\"@id\":\"https:\\\/\\\/yoann-conte.com\\\/des-artisans-dexceptions\\\/#article\",\"isPartOf\":{\"@id\":\"https:\\\/\\\/yoann-conte.com\\\/des-artisans-dexceptions\\\/\"},\"author\":{\"name\":\"Marion SEMENOL\",\"@id\":\"https:\\\/\\\/yoann-conte.com\\\/#\\\/schema\\\/person\\\/e6a6a08a8e15dc6ba3174c7012722169\"},\"headline\":\"Des artisans d&rsquo;exceptions\",\"datePublished\":\"2022-10-13T13:05:13+00:00\",\"dateModified\":\"2024-03-20T09:10:08+00:00\",\"mainEntityOfPage\":{\"@id\":\"https:\\\/\\\/yoann-conte.com\\\/des-artisans-dexceptions\\\/\"},\"wordCount\":888,\"image\":{\"@id\":\"https:\\\/\\\/yoann-conte.com\\\/des-artisans-dexceptions\\\/#primaryimage\"},\"thumbnailUrl\":\"https:\\\/\\\/yoann-conte.com\\\/wp-content\\\/uploads\\\/2024\\\/03\\\/dsc_5947_75_fr.jpg\",\"articleSection\":[\"News\"],\"inLanguage\":\"es\"},{\"@type\":\"WebPage\",\"@id\":\"https:\\\/\\\/yoann-conte.com\\\/des-artisans-dexceptions\\\/\",\"url\":\"https:\\\/\\\/yoann-conte.com\\\/des-artisans-dexceptions\\\/\",\"name\":\"Des artisans d'exceptions - Yoann Conte, un lieu embl\u00e9matique \u00e0 Veyrier-du-lac, o\u00f9 se rencontrent l&#039;\u00e9l\u00e9gance de notre h\u00f4tel 5 \u00e9toiles et la cr\u00e9ativit\u00e9 d\u2019une cuisine gastronomique 2 \u00e9toiles, au c\u0153ur d\u2019un cadre naturel exceptionnel.\",\"isPartOf\":{\"@id\":\"https:\\\/\\\/yoann-conte.com\\\/#website\"},\"primaryImageOfPage\":{\"@id\":\"https:\\\/\\\/yoann-conte.com\\\/des-artisans-dexceptions\\\/#primaryimage\"},\"image\":{\"@id\":\"https:\\\/\\\/yoann-conte.com\\\/des-artisans-dexceptions\\\/#primaryimage\"},\"thumbnailUrl\":\"https:\\\/\\\/yoann-conte.com\\\/wp-content\\\/uploads\\\/2024\\\/03\\\/dsc_5947_75_fr.jpg\",\"datePublished\":\"2022-10-13T13:05:13+00:00\",\"dateModified\":\"2024-03-20T09:10:08+00:00\",\"author\":{\"@id\":\"https:\\\/\\\/yoann-conte.com\\\/#\\\/schema\\\/person\\\/e6a6a08a8e15dc6ba3174c7012722169\"},\"breadcrumb\":{\"@id\":\"https:\\\/\\\/yoann-conte.com\\\/des-artisans-dexceptions\\\/#breadcrumb\"},\"inLanguage\":\"es\",\"potentialAction\":[{\"@type\":\"ReadAction\",\"target\":[\"https:\\\/\\\/yoann-conte.com\\\/des-artisans-dexceptions\\\/\"]}]},{\"@type\":\"ImageObject\",\"inLanguage\":\"es\",\"@id\":\"https:\\\/\\\/yoann-conte.com\\\/des-artisans-dexceptions\\\/#primaryimage\",\"url\":\"https:\\\/\\\/yoann-conte.com\\\/wp-content\\\/uploads\\\/2024\\\/03\\\/dsc_5947_75_fr.jpg\",\"contentUrl\":\"https:\\\/\\\/yoann-conte.com\\\/wp-content\\\/uploads\\\/2024\\\/03\\\/dsc_5947_75_fr.jpg\",\"width\":900,\"height\":626},{\"@type\":\"BreadcrumbList\",\"@id\":\"https:\\\/\\\/yoann-conte.com\\\/des-artisans-dexceptions\\\/#breadcrumb\",\"itemListElement\":[{\"@type\":\"ListItem\",\"position\":1,\"name\":\"Accueil\",\"item\":\"https:\\\/\\\/yoann-conte.com\\\/\"},{\"@type\":\"ListItem\",\"position\":2,\"name\":\"Des artisans d&rsquo;exceptions\"}]},{\"@type\":\"WebSite\",\"@id\":\"https:\\\/\\\/yoann-conte.com\\\/#website\",\"url\":\"https:\\\/\\\/yoann-conte.com\\\/\",\"name\":\"Yoann Conte, un lieu embl\u00e9matique \u00e0 Veyrier-du-lac, o\u00f9 se rencontrent l&#039;\u00e9l\u00e9gance de notre h\u00f4tel 5 \u00e9toiles et la cr\u00e9ativit\u00e9 d\u2019une cuisine gastronomique 2 \u00e9toiles, au c\u0153ur d\u2019un cadre naturel exceptionnel.\",\"description\":\"Restaurant gastronomique \u00e0 Annecy, Yoann Conte\",\"potentialAction\":[{\"@type\":\"SearchAction\",\"target\":{\"@type\":\"EntryPoint\",\"urlTemplate\":\"https:\\\/\\\/yoann-conte.com\\\/?s={search_term_string}\"},\"query-input\":{\"@type\":\"PropertyValueSpecification\",\"valueRequired\":true,\"valueName\":\"search_term_string\"}}],\"inLanguage\":\"es\"},{\"@type\":\"Person\",\"@id\":\"https:\\\/\\\/yoann-conte.com\\\/#\\\/schema\\\/person\\\/e6a6a08a8e15dc6ba3174c7012722169\",\"name\":\"Marion SEMENOL\",\"image\":{\"@type\":\"ImageObject\",\"inLanguage\":\"es\",\"@id\":\"https:\\\/\\\/secure.gravatar.com\\\/avatar\\\/d96c083a2b88daa57e45c96c0573fa7fbb4b2afff4c465c03e481011cb916fab?s=96&d=mm&r=g\",\"url\":\"https:\\\/\\\/secure.gravatar.com\\\/avatar\\\/d96c083a2b88daa57e45c96c0573fa7fbb4b2afff4c465c03e481011cb916fab?s=96&d=mm&r=g\",\"contentUrl\":\"https:\\\/\\\/secure.gravatar.com\\\/avatar\\\/d96c083a2b88daa57e45c96c0573fa7fbb4b2afff4c465c03e481011cb916fab?s=96&d=mm&r=g\",\"caption\":\"Marion SEMENOL\"},\"url\":\"https:\\\/\\\/yoann-conte.com\\\/es\\\/author\\\/anna\\\/\"}]}<\/script>\n<!-- \/ Yoast SEO plugin. -->","yoast_head_json":{"title":"Des artisans d'exceptions - Yoann Conte, un lieu embl\u00e9matique \u00e0 Veyrier-du-lac, o\u00f9 se rencontrent l&#039;\u00e9l\u00e9gance de notre h\u00f4tel 5 \u00e9toiles et la cr\u00e9ativit\u00e9 d\u2019une cuisine gastronomique 2 \u00e9toiles, au c\u0153ur d\u2019un cadre naturel exceptionnel.","robots":{"index":"index","follow":"follow","max-snippet":"max-snippet:-1","max-image-preview":"max-image-preview:large","max-video-preview":"max-video-preview:-1"},"canonical":"https:\/\/yoann-conte.com\/es\/des-artisans-dexceptions\/","og_locale":"es_ES","og_type":"article","og_title":"Des artisans d'exceptions - Yoann Conte, un lieu embl\u00e9matique \u00e0 Veyrier-du-lac, o\u00f9 se rencontrent l&#039;\u00e9l\u00e9gance de notre h\u00f4tel 5 \u00e9toiles et la cr\u00e9ativit\u00e9 d\u2019une cuisine gastronomique 2 \u00e9toiles, au c\u0153ur d\u2019un cadre naturel exceptionnel.","og_description":"pour l\u2019Association Les Puits du D\u00e9sert.","og_url":"https:\/\/yoann-conte.com\/es\/des-artisans-dexceptions\/","og_site_name":"Yoann Conte, un lieu embl\u00e9matique \u00e0 Veyrier-du-lac, o\u00f9 se rencontrent l&#039;\u00e9l\u00e9gance de notre h\u00f4tel 5 \u00e9toiles et la cr\u00e9ativit\u00e9 d\u2019une cuisine gastronomique 2 \u00e9toiles, au c\u0153ur d\u2019un cadre naturel exceptionnel.","article_published_time":"2022-10-13T13:05:13+00:00","article_modified_time":"2024-03-20T09:10:08+00:00","og_image":[{"width":900,"height":626,"url":"https:\/\/yoann-conte.com\/wp-content\/uploads\/2024\/03\/dsc_5947_75_fr.jpg","type":"image\/jpeg"}],"author":"Marion SEMENOL","twitter_card":"summary_large_image","twitter_misc":{"Escrito por":"Marion SEMENOL","Tiempo de lectura":"4 minutos"},"schema":{"@context":"https:\/\/schema.org","@graph":[{"@type":"Article","@id":"https:\/\/yoann-conte.com\/des-artisans-dexceptions\/#article","isPartOf":{"@id":"https:\/\/yoann-conte.com\/des-artisans-dexceptions\/"},"author":{"name":"Marion SEMENOL","@id":"https:\/\/yoann-conte.com\/#\/schema\/person\/e6a6a08a8e15dc6ba3174c7012722169"},"headline":"Des artisans d&rsquo;exceptions","datePublished":"2022-10-13T13:05:13+00:00","dateModified":"2024-03-20T09:10:08+00:00","mainEntityOfPage":{"@id":"https:\/\/yoann-conte.com\/des-artisans-dexceptions\/"},"wordCount":888,"image":{"@id":"https:\/\/yoann-conte.com\/des-artisans-dexceptions\/#primaryimage"},"thumbnailUrl":"https:\/\/yoann-conte.com\/wp-content\/uploads\/2024\/03\/dsc_5947_75_fr.jpg","articleSection":["News"],"inLanguage":"es"},{"@type":"WebPage","@id":"https:\/\/yoann-conte.com\/des-artisans-dexceptions\/","url":"https:\/\/yoann-conte.com\/des-artisans-dexceptions\/","name":"Des artisans d'exceptions - Yoann Conte, un lieu embl\u00e9matique \u00e0 Veyrier-du-lac, o\u00f9 se rencontrent l&#039;\u00e9l\u00e9gance de notre h\u00f4tel 5 \u00e9toiles et la cr\u00e9ativit\u00e9 d\u2019une cuisine gastronomique 2 \u00e9toiles, au c\u0153ur d\u2019un cadre naturel exceptionnel.","isPartOf":{"@id":"https:\/\/yoann-conte.com\/#website"},"primaryImageOfPage":{"@id":"https:\/\/yoann-conte.com\/des-artisans-dexceptions\/#primaryimage"},"image":{"@id":"https:\/\/yoann-conte.com\/des-artisans-dexceptions\/#primaryimage"},"thumbnailUrl":"https:\/\/yoann-conte.com\/wp-content\/uploads\/2024\/03\/dsc_5947_75_fr.jpg","datePublished":"2022-10-13T13:05:13+00:00","dateModified":"2024-03-20T09:10:08+00:00","author":{"@id":"https:\/\/yoann-conte.com\/#\/schema\/person\/e6a6a08a8e15dc6ba3174c7012722169"},"breadcrumb":{"@id":"https:\/\/yoann-conte.com\/des-artisans-dexceptions\/#breadcrumb"},"inLanguage":"es","potentialAction":[{"@type":"ReadAction","target":["https:\/\/yoann-conte.com\/des-artisans-dexceptions\/"]}]},{"@type":"ImageObject","inLanguage":"es","@id":"https:\/\/yoann-conte.com\/des-artisans-dexceptions\/#primaryimage","url":"https:\/\/yoann-conte.com\/wp-content\/uploads\/2024\/03\/dsc_5947_75_fr.jpg","contentUrl":"https:\/\/yoann-conte.com\/wp-content\/uploads\/2024\/03\/dsc_5947_75_fr.jpg","width":900,"height":626},{"@type":"BreadcrumbList","@id":"https:\/\/yoann-conte.com\/des-artisans-dexceptions\/#breadcrumb","itemListElement":[{"@type":"ListItem","position":1,"name":"Accueil","item":"https:\/\/yoann-conte.com\/"},{"@type":"ListItem","position":2,"name":"Des artisans d&rsquo;exceptions"}]},{"@type":"WebSite","@id":"https:\/\/yoann-conte.com\/#website","url":"https:\/\/yoann-conte.com\/","name":"Yoann Conte, un lieu embl\u00e9matique \u00e0 Veyrier-du-lac, o\u00f9 se rencontrent l&#039;\u00e9l\u00e9gance de notre h\u00f4tel 5 \u00e9toiles et la cr\u00e9ativit\u00e9 d\u2019une cuisine gastronomique 2 \u00e9toiles, au c\u0153ur d\u2019un cadre naturel exceptionnel.","description":"Restaurante gastron\u00f3mico en Annecy, Yoann Conte","potentialAction":[{"@type":"SearchAction","target":{"@type":"EntryPoint","urlTemplate":"https:\/\/yoann-conte.com\/?s={search_term_string}"},"query-input":{"@type":"PropertyValueSpecification","valueRequired":true,"valueName":"search_term_string"}}],"inLanguage":"es"},{"@type":"Person","@id":"https:\/\/yoann-conte.com\/#\/schema\/person\/e6a6a08a8e15dc6ba3174c7012722169","name":"Marion SEMENOL","image":{"@type":"ImageObject","inLanguage":"es","@id":"https:\/\/secure.gravatar.com\/avatar\/d96c083a2b88daa57e45c96c0573fa7fbb4b2afff4c465c03e481011cb916fab?s=96&d=mm&r=g","url":"https:\/\/secure.gravatar.com\/avatar\/d96c083a2b88daa57e45c96c0573fa7fbb4b2afff4c465c03e481011cb916fab?s=96&d=mm&r=g","contentUrl":"https:\/\/secure.gravatar.com\/avatar\/d96c083a2b88daa57e45c96c0573fa7fbb4b2afff4c465c03e481011cb916fab?s=96&d=mm&r=g","caption":"Marion SEMENOL"},"url":"https:\/\/yoann-conte.com\/es\/author\/anna\/"}]}},"_links":{"self":[{"href":"https:\/\/yoann-conte.com\/es\/wp-json\/wp\/v2\/posts\/31236","targetHints":{"allow":["GET"]}}],"collection":[{"href":"https:\/\/yoann-conte.com\/es\/wp-json\/wp\/v2\/posts"}],"about":[{"href":"https:\/\/yoann-conte.com\/es\/wp-json\/wp\/v2\/types\/post"}],"author":[{"embeddable":true,"href":"https:\/\/yoann-conte.com\/es\/wp-json\/wp\/v2\/users\/3"}],"replies":[{"embeddable":true,"href":"https:\/\/yoann-conte.com\/es\/wp-json\/wp\/v2\/comments?post=31236"}],"version-history":[{"count":0,"href":"https:\/\/yoann-conte.com\/es\/wp-json\/wp\/v2\/posts\/31236\/revisions"}],"wp:featuredmedia":[{"embeddable":true,"href":"https:\/\/yoann-conte.com\/es\/wp-json\/wp\/v2\/media\/31330"}],"wp:attachment":[{"href":"https:\/\/yoann-conte.com\/es\/wp-json\/wp\/v2\/media?parent=31236"}],"wp:term":[{"taxonomy":"category","embeddable":true,"href":"https:\/\/yoann-conte.com\/es\/wp-json\/wp\/v2\/categories?post=31236"},{"taxonomy":"post_tag","embeddable":true,"href":"https:\/\/yoann-conte.com\/es\/wp-json\/wp\/v2\/tags?post=31236"}],"curies":[{"name":"wp","href":"https:\/\/api.w.org\/{rel}","templated":true}]}}