{"id":189,"date":"2023-03-23T09:00:04","date_gmt":"2023-03-23T08:00:04","guid":{"rendered":"https:\/\/recourir.com\/?p=189"},"modified":"2026-01-21T15:28:50","modified_gmt":"2026-01-21T14:28:50","slug":"glisse-en-coeur","status":"publish","type":"post","link":"https:\/\/yoann-conte.com\/es\/glisse-en-coeur\/","title":{"rendered":"Deslizamiento del coraz\u00f3n"},"content":{"rendered":"<div class=\"wpb-content-wrapper\"><div data-vc-full-width=\"true\" data-vc-full-width-init=\"false\" data-vc-stretch-content=\"true\" class=\"vc_row wpb_row vc_row-fluid vc_custom_1689169309916 vc_row-o-equal-height vc_row-flex mpc-row\"><div class=\"wpb_column vc_column_container vc_col-sm-12 mpc-column\" data-column-id=\"mpc_column-7469f17b2f0a9a6\"><div class=\"vc_column-inner vc_custom_1689173571911\"><div class=\"wpb_wrapper\"><div class=\"vc_row wpb_row vc_inner vc_row-fluid mpc-row\"><div class=\"wpb_column vc_column_container vc_col-sm-2 mpc-column\" data-column-id=\"mpc_column-2069f17b2f08530\"><div class=\"vc_column-inner\"><div class=\"wpb_wrapper\"><\/div><\/div><\/div><div class=\"wpb_column vc_column_container vc_col-sm-8 mpc-column\" data-column-id=\"mpc_column-8269f17b2f0893a\"><div class=\"vc_column-inner\"><div class=\"wpb_wrapper\">\n\t<div class=\"wpb_text_column wpb_content_element\">\n\t\t<div class=\"wpb_wrapper\">\n\t\t\t<h1 style=\"text-align: center;\"><span style=\"font-family: 'Book Antiqua', Palatino; font-size: 36pt;\">Deslizamiento del coraz\u00f3n<\/span><\/h1>\n<p>&nbsp;<\/p>\n<h2 style=\"text-align: center;\"><span style=\"font-family: gray-scale; font-size: 30pt;\">D&icirc;ner caritatif<\/span><\/h2>\n\n\t\t<\/div>\n\t<\/div>\n\n\t<div class=\"wpb_text_column wpb_content_element\">\n\t\t<div class=\"wpb_wrapper\">\n\t\t\t<p style=\"text-align: center; font-family: Brother Home;\">23 de marzo de 2023<\/p>\n\n\t\t<\/div>\n\t<\/div>\n<\/div><\/div><\/div><div class=\"wpb_column vc_column_container vc_col-sm-2 mpc-column\" data-column-id=\"mpc_column-3269f17b2f08a15\"><div class=\"vc_column-inner\"><div class=\"wpb_wrapper\"><\/div><\/div><\/div><\/div><div class=\"vc_row wpb_row vc_inner vc_row-fluid mpc-row\"><div class=\"wpb_column vc_column_container vc_col-sm-2 mpc-column\" data-column-id=\"mpc_column-4469f17b2f08c70\"><div class=\"vc_column-inner\"><div class=\"wpb_wrapper\"><\/div><\/div><\/div><div class=\"wpb_column vc_column_container vc_col-sm-8 mpc-column\" data-column-id=\"mpc_column-7069f17b2f08d23\"><div class=\"vc_column-inner\"><div class=\"wpb_wrapper\"><\/div><\/div><\/div><div class=\"wpb_column vc_column_container vc_col-sm-2 mpc-column\" data-column-id=\"mpc_column-4969f17b2f08dce\"><div class=\"vc_column-inner\"><div class=\"wpb_wrapper\"><\/div><\/div><\/div><\/div><div class=\"vc_row wpb_row vc_inner vc_row-fluid mpc-row\"><div class=\"wpb_column vc_column_container vc_col-sm-2 mpc-column\" data-column-id=\"mpc_column-8269f17b2f08f84\"><div class=\"vc_column-inner\"><div class=\"wpb_wrapper\"><\/div><\/div><\/div><div class=\"wpb_column vc_column_container vc_col-sm-8 mpc-column\" data-column-id=\"mpc_column-5569f17b2f0912a\"><div class=\"vc_column-inner\"><div class=\"wpb_wrapper\">\n\t<div class=\"wpb_text_column wpb_content_element\">\n\t\t<div class=\"wpb_wrapper\">\n\t\t\t<p style=\"text-align: justify;\">El 24 de marzo, el Chef Yoann Conte y sus equipos se reunir\u00e1n en Le Grand-Bornand para ofrecer una cena, con un \u00fanico objetivo: reunirse para disfrutar de un momento amistoso y c\u00e1lido, y compartir una comida por una causa cercana a sus corazones. Como cada a\u00f1o desde 2016, Yoann Conte, el chef con dos estrellas de Veyrier-du-lac, pone su experiencia a disposici\u00f3n de una causa noble y solidaria. Siempre con los mismos objetivos, implicarse y dar a probar a los dem\u00e1s, una buena manera de hacer el bien a su alrededor y contribuir a un evento incre\u00edble, solidario y local.<\/p>\n<p style=\"text-align: justify;\">\u00abParticipar en esta comida ben\u00e9fica es para nosotros la ocasi\u00f3n para demostrar nuestra solidaridad y nuestro apoyo a todos estos ni\u00f1os, que luchan por vivir una nueva vida. Como padre de tres hijos, es casi una obviedad apoyar la iniciativa Glisse en Coeur, que trabaja duro cada a\u00f1o para ayudar a las personas con dificultades. Esta comida es una gran oportunidad para darles todo nuestro apoyo y gratitud por todo lo que hacen. Tengo muchas ganas de pasar un buen rato con todos vosotros mientras hacemos algo bueno por los dem\u00e1s. Estoy seguro de que esta comida ben\u00e9fica ser\u00e1 una experiencia gratificante e inolvidable, como lo es cada a\u00f1o.<\/p>\n<p style=\"text-align: justify;\">Una vez m\u00e1s, nos gustar\u00eda dar las gracias a todos nuestros productores y socios que contribuir\u00e1n a esta comida, as\u00ed como a todos los que participan en este evento. Como cada a\u00f1o, estamos orgullosos de apoyar a Glisse en Coeur y su causa 2023: A cada cual su Everest\u00bb.<\/p>\n\n\t\t<\/div>\n\t<\/div>\n<\/div><\/div><\/div><div class=\"wpb_column vc_column_container vc_col-sm-2 mpc-column\" data-column-id=\"mpc_column-10069f17b2f091f9\"><div class=\"vc_column-inner\"><div class=\"wpb_wrapper\"><\/div><\/div><\/div><\/div><div class=\"vc_row wpb_row vc_inner vc_row-fluid vc_custom_1689169272262 mpc-row\"><div class=\"wpb_column vc_column_container vc_col-sm-2 mpc-column\" data-column-id=\"mpc_column-5669f17b2f0944b\"><div class=\"vc_column-inner\"><div class=\"wpb_wrapper\"><\/div><\/div><\/div><div class=\"wpb_column vc_column_container vc_col-sm-8 mpc-column\" data-column-id=\"mpc_column-7169f17b2f0a57d\"><div class=\"vc_column-inner\"><div class=\"wpb_wrapper\">\n\t<div class=\"wpb_single_image wpb_content_element vc_align_center wpb_content_element\">\n\t\t\n\t\t<figure class=\"wpb_wrapper vc_figure\">\n\t\t\t<div class=\"vc_single_image-wrapper   vc_box_border_grey\"><img loading=\"lazy\" decoding=\"async\" width=\"2500\" height=\"1667\" src=\"https:\/\/yoann-conte.com\/wp-content\/uploads\/2023\/03\/230324-GeC-Soiree-Chefs-7.jpg\" class=\"vc_single_image-img attachment-full\" alt=\"\" title=\"Glisse en Coeur 2023\" srcset=\"https:\/\/yoann-conte.com\/wp-content\/uploads\/2023\/03\/230324-GeC-Soiree-Chefs-7.jpg 2500w, https:\/\/yoann-conte.com\/wp-content\/uploads\/2023\/03\/230324-GeC-Soiree-Chefs-7-1280x854.jpg 1280w, https:\/\/yoann-conte.com\/wp-content\/uploads\/2023\/03\/230324-GeC-Soiree-Chefs-7-980x653.jpg 980w, https:\/\/yoann-conte.com\/wp-content\/uploads\/2023\/03\/230324-GeC-Soiree-Chefs-7-480x320.jpg 480w\" sizes=\"(min-width: 0px) and (max-width: 480px) 480px, (min-width: 481px) and (max-width: 980px) 980px, (min-width: 981px) and (max-width: 1280px) 1280px, (min-width: 1281px) 2500px, 100vw\"><\/div>\n\t\t<\/figure>\n\t<\/div>\n<\/div><\/div><\/div><div class=\"wpb_column vc_column_container vc_col-sm-2 mpc-column\" data-column-id=\"mpc_column-7669f17b2f0a65e\"><div class=\"vc_column-inner\"><div class=\"wpb_wrapper\"><\/div><\/div><\/div><\/div><div class=\"vc_row wpb_row vc_inner vc_row-fluid vc_custom_1689169478279 mpc-row\"><div class=\"wpb_column vc_column_container vc_col-sm-12 mpc-column\" data-column-id=\"mpc_column-2069f17b2f0a868\"><div class=\"vc_column-inner\"><div class=\"wpb_wrapper\"><\/div><\/div><\/div><\/div><\/div><\/div><\/div><\/div><div class=\"vc_row-full-width vc_clearfix\"><\/div><div class=\"vc_row wpb_row vc_row-fluid mpc-row\"><div class=\"wpb_column vc_column_container vc_col-sm-12 mpc-column\" data-column-id=\"mpc_column-1469f17b2f0b00e\"><div class=\"vc_column-inner\"><div class=\"wpb_wrapper\"><div class=\"vc_empty_space\" style=\"height: 32px\"><span class=\"vc_empty_space_inner\"><\/span><\/div><div class=\"vc_empty_space\" style=\"height: 32px\"><span class=\"vc_empty_space_inner\"><\/span><\/div><\/div><\/div><\/div><\/div>\n<\/div>","protected":false},"excerpt":{"rendered":"<p style=\"text-align: center;\">Une \u00e9quipe qui compte<\/p>","protected":false},"author":1,"featured_media":35063,"comment_status":"closed","ping_status":"closed","sticky":false,"template":"","format":"standard","meta":{"_et_pb_use_builder":"","_et_pb_old_content":"","_et_gb_content_width":"","inline_featured_image":false,"footnotes":""},"categories":[6],"tags":[],"class_list":["post-189","post","type-post","status-publish","format-standard","has-post-thumbnail","hentry","category-news"],"yoast_head":"<!-- This site is optimized with the Yoast SEO plugin v27.5 - https:\/\/yoast.com\/product\/yoast-seo-wordpress\/ -->\n<title>Glisse en c\u0153ur - Yoann Conte, un lieu embl\u00e9matique \u00e0 Veyrier-du-lac, o\u00f9 se rencontrent l&#039;\u00e9l\u00e9gance de notre h\u00f4tel 5 \u00e9toiles et la cr\u00e9ativit\u00e9 d\u2019une cuisine gastronomique 2 \u00e9toiles, au c\u0153ur d\u2019un cadre naturel exceptionnel.<\/title>\n<meta name=\"robots\" content=\"index, follow, max-snippet:-1, max-image-preview:large, max-video-preview:-1\" \/>\n<link rel=\"canonical\" href=\"https:\/\/yoann-conte.com\/es\/glisse-en-coeur\/\" \/>\n<meta property=\"og:locale\" content=\"es_ES\" \/>\n<meta property=\"og:type\" content=\"article\" \/>\n<meta property=\"og:title\" content=\"Glisse en c\u0153ur - Yoann Conte, un lieu embl\u00e9matique \u00e0 Veyrier-du-lac, o\u00f9 se rencontrent l&#039;\u00e9l\u00e9gance de notre h\u00f4tel 5 \u00e9toiles et la cr\u00e9ativit\u00e9 d\u2019une cuisine gastronomique 2 \u00e9toiles, au c\u0153ur d\u2019un cadre naturel exceptionnel.\" \/>\n<meta property=\"og:description\" content=\"Une \u00e9quipe qui compte\" \/>\n<meta property=\"og:url\" content=\"https:\/\/yoann-conte.com\/es\/glisse-en-coeur\/\" \/>\n<meta property=\"og:site_name\" content=\"Yoann Conte, un lieu embl\u00e9matique \u00e0 Veyrier-du-lac, o\u00f9 se rencontrent l&#039;\u00e9l\u00e9gance de notre h\u00f4tel 5 \u00e9toiles et la cr\u00e9ativit\u00e9 d\u2019une cuisine gastronomique 2 \u00e9toiles, au c\u0153ur d\u2019un cadre naturel exceptionnel.\" \/>\n<meta property=\"article:published_time\" content=\"2023-03-23T08:00:04+00:00\" \/>\n<meta property=\"article:modified_time\" content=\"2026-01-21T14:28:50+00:00\" \/>\n<meta property=\"og:image\" content=\"https:\/\/yoann-conte.com\/wp-content\/uploads\/2023\/03\/312524924_493101742850943_1910941056227453462_n.jpg\" \/>\n\t<meta property=\"og:image:width\" content=\"1080\" \/>\n\t<meta property=\"og:image:height\" content=\"1080\" \/>\n\t<meta property=\"og:image:type\" content=\"image\/jpeg\" \/>\n<meta name=\"author\" content=\"J2C\" \/>\n<meta name=\"twitter:card\" content=\"summary_large_image\" \/>\n<meta name=\"twitter:label1\" content=\"Escrito por\" \/>\n\t<meta name=\"twitter:data1\" content=\"J2C\" \/>\n\t<meta name=\"twitter:label2\" content=\"Tiempo de lectura\" \/>\n\t<meta name=\"twitter:data2\" content=\"2 minutos\" \/>\n<script type=\"application\/ld+json\" class=\"yoast-schema-graph\">{\"@context\":\"https:\\\/\\\/schema.org\",\"@graph\":[{\"@type\":\"Article\",\"@id\":\"https:\\\/\\\/yoann-conte.com\\\/glisse-en-coeur\\\/#article\",\"isPartOf\":{\"@id\":\"https:\\\/\\\/yoann-conte.com\\\/glisse-en-coeur\\\/\"},\"author\":{\"name\":\"J2C\",\"@id\":\"https:\\\/\\\/yoann-conte.com\\\/#\\\/schema\\\/person\\\/5e269f4debcd4830ba2d1de5aa021f3c\"},\"headline\":\"Glisse en c\u0153ur\",\"datePublished\":\"2023-03-23T08:00:04+00:00\",\"dateModified\":\"2026-01-21T14:28:50+00:00\",\"mainEntityOfPage\":{\"@id\":\"https:\\\/\\\/yoann-conte.com\\\/glisse-en-coeur\\\/\"},\"wordCount\":498,\"image\":{\"@id\":\"https:\\\/\\\/yoann-conte.com\\\/glisse-en-coeur\\\/#primaryimage\"},\"thumbnailUrl\":\"https:\\\/\\\/yoann-conte.com\\\/wp-content\\\/uploads\\\/2023\\\/03\\\/312524924_493101742850943_1910941056227453462_n.jpg\",\"articleSection\":[\"News\"],\"inLanguage\":\"es\"},{\"@type\":\"WebPage\",\"@id\":\"https:\\\/\\\/yoann-conte.com\\\/glisse-en-coeur\\\/\",\"url\":\"https:\\\/\\\/yoann-conte.com\\\/glisse-en-coeur\\\/\",\"name\":\"Glisse en c\u0153ur - Yoann Conte, un lieu embl\u00e9matique \u00e0 Veyrier-du-lac, o\u00f9 se rencontrent l&#039;\u00e9l\u00e9gance de notre h\u00f4tel 5 \u00e9toiles et la cr\u00e9ativit\u00e9 d\u2019une cuisine gastronomique 2 \u00e9toiles, au c\u0153ur d\u2019un cadre naturel exceptionnel.\",\"isPartOf\":{\"@id\":\"https:\\\/\\\/yoann-conte.com\\\/#website\"},\"primaryImageOfPage\":{\"@id\":\"https:\\\/\\\/yoann-conte.com\\\/glisse-en-coeur\\\/#primaryimage\"},\"image\":{\"@id\":\"https:\\\/\\\/yoann-conte.com\\\/glisse-en-coeur\\\/#primaryimage\"},\"thumbnailUrl\":\"https:\\\/\\\/yoann-conte.com\\\/wp-content\\\/uploads\\\/2023\\\/03\\\/312524924_493101742850943_1910941056227453462_n.jpg\",\"datePublished\":\"2023-03-23T08:00:04+00:00\",\"dateModified\":\"2026-01-21T14:28:50+00:00\",\"author\":{\"@id\":\"https:\\\/\\\/yoann-conte.com\\\/#\\\/schema\\\/person\\\/5e269f4debcd4830ba2d1de5aa021f3c\"},\"breadcrumb\":{\"@id\":\"https:\\\/\\\/yoann-conte.com\\\/glisse-en-coeur\\\/#breadcrumb\"},\"inLanguage\":\"es\",\"potentialAction\":[{\"@type\":\"ReadAction\",\"target\":[\"https:\\\/\\\/yoann-conte.com\\\/glisse-en-coeur\\\/\"]}]},{\"@type\":\"ImageObject\",\"inLanguage\":\"es\",\"@id\":\"https:\\\/\\\/yoann-conte.com\\\/glisse-en-coeur\\\/#primaryimage\",\"url\":\"https:\\\/\\\/yoann-conte.com\\\/wp-content\\\/uploads\\\/2023\\\/03\\\/312524924_493101742850943_1910941056227453462_n.jpg\",\"contentUrl\":\"https:\\\/\\\/yoann-conte.com\\\/wp-content\\\/uploads\\\/2023\\\/03\\\/312524924_493101742850943_1910941056227453462_n.jpg\",\"width\":1080,\"height\":1080},{\"@type\":\"BreadcrumbList\",\"@id\":\"https:\\\/\\\/yoann-conte.com\\\/glisse-en-coeur\\\/#breadcrumb\",\"itemListElement\":[{\"@type\":\"ListItem\",\"position\":1,\"name\":\"Accueil\",\"item\":\"https:\\\/\\\/yoann-conte.com\\\/\"},{\"@type\":\"ListItem\",\"position\":2,\"name\":\"Glisse en c\u0153ur\"}]},{\"@type\":\"WebSite\",\"@id\":\"https:\\\/\\\/yoann-conte.com\\\/#website\",\"url\":\"https:\\\/\\\/yoann-conte.com\\\/\",\"name\":\"Yoann Conte, un lieu embl\u00e9matique \u00e0 Veyrier-du-lac, o\u00f9 se rencontrent l&#039;\u00e9l\u00e9gance de notre h\u00f4tel 5 \u00e9toiles et la cr\u00e9ativit\u00e9 d\u2019une cuisine gastronomique 2 \u00e9toiles, au c\u0153ur d\u2019un cadre naturel exceptionnel.\",\"description\":\"Restaurant gastronomique \u00e0 Annecy, Yoann Conte\",\"potentialAction\":[{\"@type\":\"SearchAction\",\"target\":{\"@type\":\"EntryPoint\",\"urlTemplate\":\"https:\\\/\\\/yoann-conte.com\\\/?s={search_term_string}\"},\"query-input\":{\"@type\":\"PropertyValueSpecification\",\"valueRequired\":true,\"valueName\":\"search_term_string\"}}],\"inLanguage\":\"es\"},{\"@type\":\"Person\",\"@id\":\"https:\\\/\\\/yoann-conte.com\\\/#\\\/schema\\\/person\\\/5e269f4debcd4830ba2d1de5aa021f3c\",\"name\":\"J2C\",\"image\":{\"@type\":\"ImageObject\",\"inLanguage\":\"es\",\"@id\":\"https:\\\/\\\/secure.gravatar.com\\\/avatar\\\/ca21499100412d26e1fe747cdadb3718df498d5f60319535894ea760f2b1b25f?s=96&d=mm&r=g\",\"url\":\"https:\\\/\\\/secure.gravatar.com\\\/avatar\\\/ca21499100412d26e1fe747cdadb3718df498d5f60319535894ea760f2b1b25f?s=96&d=mm&r=g\",\"contentUrl\":\"https:\\\/\\\/secure.gravatar.com\\\/avatar\\\/ca21499100412d26e1fe747cdadb3718df498d5f60319535894ea760f2b1b25f?s=96&d=mm&r=g\",\"caption\":\"J2C\"},\"sameAs\":[\"https:\\\/\\\/agence-commin.fr\\\/\"],\"url\":\"https:\\\/\\\/yoann-conte.com\\\/es\\\/author\\\/j2c\\\/\"}]}<\/script>\n<!-- \/ Yoast SEO plugin. -->","yoast_head_json":{"title":"Glisse en c\u0153ur - Yoann Conte, un lieu embl\u00e9matique \u00e0 Veyrier-du-lac, o\u00f9 se rencontrent l&#039;\u00e9l\u00e9gance de notre h\u00f4tel 5 \u00e9toiles et la cr\u00e9ativit\u00e9 d\u2019une cuisine gastronomique 2 \u00e9toiles, au c\u0153ur d\u2019un cadre naturel exceptionnel.","robots":{"index":"index","follow":"follow","max-snippet":"max-snippet:-1","max-image-preview":"max-image-preview:large","max-video-preview":"max-video-preview:-1"},"canonical":"https:\/\/yoann-conte.com\/es\/glisse-en-coeur\/","og_locale":"es_ES","og_type":"article","og_title":"Glisse en c\u0153ur - Yoann Conte, un lieu embl\u00e9matique \u00e0 Veyrier-du-lac, o\u00f9 se rencontrent l&#039;\u00e9l\u00e9gance de notre h\u00f4tel 5 \u00e9toiles et la cr\u00e9ativit\u00e9 d\u2019une cuisine gastronomique 2 \u00e9toiles, au c\u0153ur d\u2019un cadre naturel exceptionnel.","og_description":"Une \u00e9quipe qui compte","og_url":"https:\/\/yoann-conte.com\/es\/glisse-en-coeur\/","og_site_name":"Yoann Conte, un lieu embl\u00e9matique \u00e0 Veyrier-du-lac, o\u00f9 se rencontrent l&#039;\u00e9l\u00e9gance de notre h\u00f4tel 5 \u00e9toiles et la cr\u00e9ativit\u00e9 d\u2019une cuisine gastronomique 2 \u00e9toiles, au c\u0153ur d\u2019un cadre naturel exceptionnel.","article_published_time":"2023-03-23T08:00:04+00:00","article_modified_time":"2026-01-21T14:28:50+00:00","og_image":[{"width":1080,"height":1080,"url":"https:\/\/yoann-conte.com\/wp-content\/uploads\/2023\/03\/312524924_493101742850943_1910941056227453462_n.jpg","type":"image\/jpeg"}],"author":"J2C","twitter_card":"summary_large_image","twitter_misc":{"Escrito por":"J2C","Tiempo de lectura":"2 minutos"},"schema":{"@context":"https:\/\/schema.org","@graph":[{"@type":"Article","@id":"https:\/\/yoann-conte.com\/glisse-en-coeur\/#article","isPartOf":{"@id":"https:\/\/yoann-conte.com\/glisse-en-coeur\/"},"author":{"name":"J2C","@id":"https:\/\/yoann-conte.com\/#\/schema\/person\/5e269f4debcd4830ba2d1de5aa021f3c"},"headline":"Glisse en c\u0153ur","datePublished":"2023-03-23T08:00:04+00:00","dateModified":"2026-01-21T14:28:50+00:00","mainEntityOfPage":{"@id":"https:\/\/yoann-conte.com\/glisse-en-coeur\/"},"wordCount":498,"image":{"@id":"https:\/\/yoann-conte.com\/glisse-en-coeur\/#primaryimage"},"thumbnailUrl":"https:\/\/yoann-conte.com\/wp-content\/uploads\/2023\/03\/312524924_493101742850943_1910941056227453462_n.jpg","articleSection":["News"],"inLanguage":"es"},{"@type":"WebPage","@id":"https:\/\/yoann-conte.com\/glisse-en-coeur\/","url":"https:\/\/yoann-conte.com\/glisse-en-coeur\/","name":"Glisse en c\u0153ur - Yoann Conte, un lieu embl\u00e9matique \u00e0 Veyrier-du-lac, o\u00f9 se rencontrent l&#039;\u00e9l\u00e9gance de notre h\u00f4tel 5 \u00e9toiles et la cr\u00e9ativit\u00e9 d\u2019une cuisine gastronomique 2 \u00e9toiles, au c\u0153ur d\u2019un cadre naturel exceptionnel.","isPartOf":{"@id":"https:\/\/yoann-conte.com\/#website"},"primaryImageOfPage":{"@id":"https:\/\/yoann-conte.com\/glisse-en-coeur\/#primaryimage"},"image":{"@id":"https:\/\/yoann-conte.com\/glisse-en-coeur\/#primaryimage"},"thumbnailUrl":"https:\/\/yoann-conte.com\/wp-content\/uploads\/2023\/03\/312524924_493101742850943_1910941056227453462_n.jpg","datePublished":"2023-03-23T08:00:04+00:00","dateModified":"2026-01-21T14:28:50+00:00","author":{"@id":"https:\/\/yoann-conte.com\/#\/schema\/person\/5e269f4debcd4830ba2d1de5aa021f3c"},"breadcrumb":{"@id":"https:\/\/yoann-conte.com\/glisse-en-coeur\/#breadcrumb"},"inLanguage":"es","potentialAction":[{"@type":"ReadAction","target":["https:\/\/yoann-conte.com\/glisse-en-coeur\/"]}]},{"@type":"ImageObject","inLanguage":"es","@id":"https:\/\/yoann-conte.com\/glisse-en-coeur\/#primaryimage","url":"https:\/\/yoann-conte.com\/wp-content\/uploads\/2023\/03\/312524924_493101742850943_1910941056227453462_n.jpg","contentUrl":"https:\/\/yoann-conte.com\/wp-content\/uploads\/2023\/03\/312524924_493101742850943_1910941056227453462_n.jpg","width":1080,"height":1080},{"@type":"BreadcrumbList","@id":"https:\/\/yoann-conte.com\/glisse-en-coeur\/#breadcrumb","itemListElement":[{"@type":"ListItem","position":1,"name":"Accueil","item":"https:\/\/yoann-conte.com\/"},{"@type":"ListItem","position":2,"name":"Glisse en c\u0153ur"}]},{"@type":"WebSite","@id":"https:\/\/yoann-conte.com\/#website","url":"https:\/\/yoann-conte.com\/","name":"Yoann Conte, un lieu embl\u00e9matique \u00e0 Veyrier-du-lac, o\u00f9 se rencontrent l&#039;\u00e9l\u00e9gance de notre h\u00f4tel 5 \u00e9toiles et la cr\u00e9ativit\u00e9 d\u2019une cuisine gastronomique 2 \u00e9toiles, au c\u0153ur d\u2019un cadre naturel exceptionnel.","description":"Restaurante gastron\u00f3mico en Annecy, Yoann Conte","potentialAction":[{"@type":"SearchAction","target":{"@type":"EntryPoint","urlTemplate":"https:\/\/yoann-conte.com\/?s={search_term_string}"},"query-input":{"@type":"PropertyValueSpecification","valueRequired":true,"valueName":"search_term_string"}}],"inLanguage":"es"},{"@type":"Person","@id":"https:\/\/yoann-conte.com\/#\/schema\/person\/5e269f4debcd4830ba2d1de5aa021f3c","name":"J2C","image":{"@type":"ImageObject","inLanguage":"es","@id":"https:\/\/secure.gravatar.com\/avatar\/ca21499100412d26e1fe747cdadb3718df498d5f60319535894ea760f2b1b25f?s=96&d=mm&r=g","url":"https:\/\/secure.gravatar.com\/avatar\/ca21499100412d26e1fe747cdadb3718df498d5f60319535894ea760f2b1b25f?s=96&d=mm&r=g","contentUrl":"https:\/\/secure.gravatar.com\/avatar\/ca21499100412d26e1fe747cdadb3718df498d5f60319535894ea760f2b1b25f?s=96&d=mm&r=g","caption":"J2C"},"sameAs":["https:\/\/agence-commin.fr\/"],"url":"https:\/\/yoann-conte.com\/es\/author\/j2c\/"}]}},"_links":{"self":[{"href":"https:\/\/yoann-conte.com\/es\/wp-json\/wp\/v2\/posts\/189","targetHints":{"allow":["GET"]}}],"collection":[{"href":"https:\/\/yoann-conte.com\/es\/wp-json\/wp\/v2\/posts"}],"about":[{"href":"https:\/\/yoann-conte.com\/es\/wp-json\/wp\/v2\/types\/post"}],"author":[{"embeddable":true,"href":"https:\/\/yoann-conte.com\/es\/wp-json\/wp\/v2\/users\/1"}],"replies":[{"embeddable":true,"href":"https:\/\/yoann-conte.com\/es\/wp-json\/wp\/v2\/comments?post=189"}],"version-history":[{"count":4,"href":"https:\/\/yoann-conte.com\/es\/wp-json\/wp\/v2\/posts\/189\/revisions"}],"predecessor-version":[{"id":35064,"href":"https:\/\/yoann-conte.com\/es\/wp-json\/wp\/v2\/posts\/189\/revisions\/35064"}],"wp:featuredmedia":[{"embeddable":true,"href":"https:\/\/yoann-conte.com\/es\/wp-json\/wp\/v2\/media\/35063"}],"wp:attachment":[{"href":"https:\/\/yoann-conte.com\/es\/wp-json\/wp\/v2\/media?parent=189"}],"wp:term":[{"taxonomy":"category","embeddable":true,"href":"https:\/\/yoann-conte.com\/es\/wp-json\/wp\/v2\/categories?post=189"},{"taxonomy":"post_tag","embeddable":true,"href":"https:\/\/yoann-conte.com\/es\/wp-json\/wp\/v2\/tags?post=189"}],"curies":[{"name":"wp","href":"https:\/\/api.w.org\/{rel}","templated":true}]}}