{"id":10646,"date":"2022-04-04T09:00:41","date_gmt":"2022-04-04T07:00:41","guid":{"rendered":"https:\/\/recourir.com\/?p=10646"},"modified":"2026-01-21T14:54:28","modified_gmt":"2026-01-21T13:54:28","slug":"les-etoiles-du-desert-diner-de-gala","status":"publish","type":"post","link":"https:\/\/yoann-conte.com\/es\/les-etoiles-du-desert-diner-de-gala\/","title":{"rendered":"Les \u00e9toiles du d\u00e9sert, cena de gala"},"content":{"rendered":"<div class=\"wpb-content-wrapper\"><div class=\"vc_row wpb_row vc_row-fluid mpc-row\"><div class=\"wpb_column vc_column_container vc_col-sm-12 mpc-column\" data-column-id=\"mpc_column-6969ef367596864\"><div class=\"vc_column-inner\"><div class=\"wpb_wrapper\">\n\t<div class=\"wpb_text_column wpb_content_element\">\n\t\t<div class=\"wpb_wrapper\">\n\t\t\t<h1 style=\"text-align: center;\"><span style=\"font-family: 'Book Antiqua', Palatino; font-size: 36pt;\">Les &eacute;toiles du d&eacute;sert, d&icirc;ner de gala<\/span><\/h1>\n<p>&nbsp;<\/p>\n<h2 style=\"text-align: center;\"><span style=\"font-family: gray-scale; font-size: 30pt;\">Les Chefs Yoann Conte, &Eacute;douard Loubet, Adrien Turpin-Bron et<\/span><\/h2>\n<h2 style=\"text-align: center;\"><span style=\"font-family: gray-scale; font-size: 30pt;\"> Quentin Th&eacute;venard cuisinent ensemble pour l&rsquo;Association Les Puits du D&eacute;sert.<\/span><\/h2>\n\n\t\t<\/div>\n\t<\/div>\n\n\t<div class=\"wpb_text_column wpb_content_element\">\n\t\t<div class=\"wpb_wrapper\">\n\t\t\t<p style=\"font-weight: 400;\">Le soir du 23 septembre 2022, 180 convives se r&eacute;unissent &agrave; l&rsquo;H&ocirc;tel Imperial Palace &agrave; Annecy, une soir&eacute;e organis&eacute;e par le rotary club.<\/p>\n<p style=\"font-weight: 400;\">En el men\u00fa, una cena para deleitar el paladar de los invitados, sin olvidar el objetivo de la velada: estar todos juntos por una buena causa.<\/p>\n<p style=\"font-weight: 400;\">Presentaci\u00f3n del proyecto :<\/p>\n<p style=\"font-weight: 400;\">La asociaci\u00f3n Puits du D\u00e9sert ayuda a la poblaci\u00f3n de \u00c1frica (N\u00edger) en los \u00e1mbitos del desarrollo rural mediante el acceso al agua, la sanidad, la educaci\u00f3n y la artesan\u00eda. La asociaci\u00f3n lleva 20 a\u00f1os asumiendo este reto.<\/p>\n<p style=\"font-weight: 400;\">Sus principales tareas son:<\/p>\n<ul style=\"font-weight: 400;\">\n<li>Acceso al agua mediante la construcci\u00f3n de estructuras hidr\u00e1ulicas,<\/li>\n<li>Reducir la mortalidad infantil mediante el acceso al agua potable,<\/li>\n<li>L&rsquo;acc&egrave;s &agrave; la scolarit&eacute; par la construction d&rsquo;&eacute;coles,<\/li>\n<li>Acceso a la atenci\u00f3n sanitaria b\u00e1sica mediante la construcci\u00f3n de centros de salud y caba\u00f1as,<\/li>\n<li>Ayuda y apoyo alimentarios de emergencia.<\/li>\n<\/ul>\n<p style=\"font-weight: 400;\">Gr&acirc;ce &agrave; cette association, plus de 360 puits d&rsquo;eau ont pu &ecirc;tre construits. Une tombola solidaire ainsi qu&rsquo;une vente aux ench&egrave;res, ont &eacute;t&eacute; organis&eacute;s afin de continuer &agrave; aider cette organisation.<\/p>\n<p style=\"font-weight: 400;\">Si l&rsquo;on sait que seulement 5% de la population Africaine &agrave; acc&egrave;s &agrave; l&rsquo;eau potable, c&rsquo;est tout naturellement que nous avons accept&eacute; cette ann&eacute;e de cuisiner pour cette cause : celle de l&rsquo;eau, celle de la vie.<\/p>\n<p style=\"font-weight: 400;\">Nous remercions Madame Aichatoui Kan&eacute;, ambasadrice du Niger, invit&eacute;e d&rsquo;honneur, Christel Pernet, pr&eacute;sidente de l&rsquo;association Les Puits du D&eacute;sert et son partenaire local l&rsquo;ONG Tid&egrave;ne pr&eacute;sid&eacute; par le touareg Mohamed Ixa.<\/p>\n\n\t\t<\/div>\n\t<\/div>\n<\/div><\/div><\/div><\/div><div class=\"vc_row wpb_row vc_row-fluid mpc-row\"><div class=\"wpb_column vc_column_container vc_col-sm-12 mpc-column\" data-column-id=\"mpc_column-7269ef367597bff\"><div class=\"vc_column-inner\"><div class=\"wpb_wrapper\">\n\t<div class=\"wpb_single_image wpb_content_element vc_align_center wpb_content_element\">\n\t\t\n\t\t<figure class=\"wpb_wrapper vc_figure\">\n\t\t\t<div class=\"vc_single_image-wrapper   vc_box_border_grey\"><img loading=\"lazy\" decoding=\"async\" width=\"1024\" height=\"307\" src=\"https:\/\/yoann-conte.com\/wp-content\/uploads\/2022\/04\/header-puits-desert-1024x307.jpg\" class=\"vc_single_image-img attachment-large\" alt=\"\" title=\"header-puits-desert\" srcset=\"https:\/\/yoann-conte.com\/wp-content\/uploads\/2022\/04\/header-puits-desert-980x294.jpg 980w, https:\/\/yoann-conte.com\/wp-content\/uploads\/2022\/04\/header-puits-desert-480x144.jpg 480w\" sizes=\"(min-width: 0px) and (max-width: 480px) 480px, (min-width: 481px) and (max-width: 980px) 980px, (min-width: 981px) 1024px, 100vw\"><\/div>\n\t\t<\/figure>\n\t<\/div>\n<\/div><\/div><\/div><\/div>\n<\/div>","protected":false},"excerpt":{"rendered":"<p style=\"text-align: center;\">pour l\u2019Association Les Puits du D\u00e9sert.<\/p>","protected":false},"author":1,"featured_media":35056,"comment_status":"closed","ping_status":"closed","sticky":false,"template":"","format":"standard","meta":{"_et_pb_use_builder":"","_et_pb_old_content":"","_et_gb_content_width":"","inline_featured_image":false,"footnotes":""},"categories":[6],"tags":[],"class_list":["post-10646","post","type-post","status-publish","format-standard","has-post-thumbnail","hentry","category-news"],"yoast_head":"<!-- This site is optimized with the Yoast SEO plugin v27.4 - https:\/\/yoast.com\/product\/yoast-seo-wordpress\/ -->\n<title>Les \u00e9toiles du d\u00e9sert, diner de gala - Yoann Conte, un lieu embl\u00e9matique \u00e0 Veyrier-du-lac, o\u00f9 se rencontrent l&#039;\u00e9l\u00e9gance de notre h\u00f4tel 5 \u00e9toiles et la cr\u00e9ativit\u00e9 d\u2019une cuisine gastronomique 2 \u00e9toiles, au c\u0153ur d\u2019un cadre naturel exceptionnel.<\/title>\n<meta name=\"robots\" content=\"index, follow, max-snippet:-1, max-image-preview:large, max-video-preview:-1\" \/>\n<link rel=\"canonical\" href=\"https:\/\/yoann-conte.com\/es\/les-etoiles-du-desert-diner-de-gala\/\" \/>\n<meta property=\"og:locale\" content=\"es_ES\" \/>\n<meta property=\"og:type\" content=\"article\" \/>\n<meta property=\"og:title\" content=\"Les \u00e9toiles du d\u00e9sert, diner de gala - Yoann Conte, un lieu embl\u00e9matique \u00e0 Veyrier-du-lac, o\u00f9 se rencontrent l&#039;\u00e9l\u00e9gance de notre h\u00f4tel 5 \u00e9toiles et la cr\u00e9ativit\u00e9 d\u2019une cuisine gastronomique 2 \u00e9toiles, au c\u0153ur d\u2019un cadre naturel exceptionnel.\" \/>\n<meta property=\"og:description\" content=\"pour l\u2019Association Les Puits du D\u00e9sert.\" \/>\n<meta property=\"og:url\" content=\"https:\/\/yoann-conte.com\/es\/les-etoiles-du-desert-diner-de-gala\/\" \/>\n<meta property=\"og:site_name\" content=\"Yoann Conte, un lieu embl\u00e9matique \u00e0 Veyrier-du-lac, o\u00f9 se rencontrent l&#039;\u00e9l\u00e9gance de notre h\u00f4tel 5 \u00e9toiles et la cr\u00e9ativit\u00e9 d\u2019une cuisine gastronomique 2 \u00e9toiles, au c\u0153ur d\u2019un cadre naturel exceptionnel.\" \/>\n<meta property=\"article:published_time\" content=\"2022-04-04T07:00:41+00:00\" \/>\n<meta property=\"article:modified_time\" content=\"2026-01-21T13:54:28+00:00\" \/>\n<meta property=\"og:image\" content=\"https:\/\/yoann-conte.com\/wp-content\/uploads\/2022\/04\/348225284_897000131399345_5433943206272997094_n.jpg\" \/>\n\t<meta property=\"og:image:width\" content=\"2048\" \/>\n\t<meta property=\"og:image:height\" content=\"1832\" \/>\n\t<meta property=\"og:image:type\" content=\"image\/jpeg\" \/>\n<meta name=\"author\" content=\"J2C\" \/>\n<meta name=\"twitter:card\" content=\"summary_large_image\" \/>\n<meta name=\"twitter:label1\" content=\"Escrito por\" \/>\n\t<meta name=\"twitter:data1\" content=\"J2C\" \/>\n\t<meta name=\"twitter:label2\" content=\"Tiempo de lectura\" \/>\n\t<meta name=\"twitter:data2\" content=\"2 minutos\" \/>\n<script type=\"application\/ld+json\" class=\"yoast-schema-graph\">{\"@context\":\"https:\\\/\\\/schema.org\",\"@graph\":[{\"@type\":\"Article\",\"@id\":\"https:\\\/\\\/yoann-conte.com\\\/les-etoiles-du-desert-diner-de-gala\\\/#article\",\"isPartOf\":{\"@id\":\"https:\\\/\\\/yoann-conte.com\\\/les-etoiles-du-desert-diner-de-gala\\\/\"},\"author\":{\"name\":\"J2C\",\"@id\":\"https:\\\/\\\/yoann-conte.com\\\/#\\\/schema\\\/person\\\/5e269f4debcd4830ba2d1de5aa021f3c\"},\"headline\":\"Les \u00e9toiles du d\u00e9sert, diner de gala\",\"datePublished\":\"2022-04-04T07:00:41+00:00\",\"dateModified\":\"2026-01-21T13:54:28+00:00\",\"mainEntityOfPage\":{\"@id\":\"https:\\\/\\\/yoann-conte.com\\\/les-etoiles-du-desert-diner-de-gala\\\/\"},\"wordCount\":353,\"image\":{\"@id\":\"https:\\\/\\\/yoann-conte.com\\\/les-etoiles-du-desert-diner-de-gala\\\/#primaryimage\"},\"thumbnailUrl\":\"https:\\\/\\\/yoann-conte.com\\\/wp-content\\\/uploads\\\/2022\\\/04\\\/348225284_897000131399345_5433943206272997094_n.jpg\",\"articleSection\":[\"News\"],\"inLanguage\":\"es\"},{\"@type\":\"WebPage\",\"@id\":\"https:\\\/\\\/yoann-conte.com\\\/les-etoiles-du-desert-diner-de-gala\\\/\",\"url\":\"https:\\\/\\\/yoann-conte.com\\\/les-etoiles-du-desert-diner-de-gala\\\/\",\"name\":\"Les \u00e9toiles du d\u00e9sert, diner de gala - Yoann Conte, un lieu embl\u00e9matique \u00e0 Veyrier-du-lac, o\u00f9 se rencontrent l&#039;\u00e9l\u00e9gance de notre h\u00f4tel 5 \u00e9toiles et la cr\u00e9ativit\u00e9 d\u2019une cuisine gastronomique 2 \u00e9toiles, au c\u0153ur d\u2019un cadre naturel exceptionnel.\",\"isPartOf\":{\"@id\":\"https:\\\/\\\/yoann-conte.com\\\/#website\"},\"primaryImageOfPage\":{\"@id\":\"https:\\\/\\\/yoann-conte.com\\\/les-etoiles-du-desert-diner-de-gala\\\/#primaryimage\"},\"image\":{\"@id\":\"https:\\\/\\\/yoann-conte.com\\\/les-etoiles-du-desert-diner-de-gala\\\/#primaryimage\"},\"thumbnailUrl\":\"https:\\\/\\\/yoann-conte.com\\\/wp-content\\\/uploads\\\/2022\\\/04\\\/348225284_897000131399345_5433943206272997094_n.jpg\",\"datePublished\":\"2022-04-04T07:00:41+00:00\",\"dateModified\":\"2026-01-21T13:54:28+00:00\",\"author\":{\"@id\":\"https:\\\/\\\/yoann-conte.com\\\/#\\\/schema\\\/person\\\/5e269f4debcd4830ba2d1de5aa021f3c\"},\"breadcrumb\":{\"@id\":\"https:\\\/\\\/yoann-conte.com\\\/les-etoiles-du-desert-diner-de-gala\\\/#breadcrumb\"},\"inLanguage\":\"es\",\"potentialAction\":[{\"@type\":\"ReadAction\",\"target\":[\"https:\\\/\\\/yoann-conte.com\\\/les-etoiles-du-desert-diner-de-gala\\\/\"]}]},{\"@type\":\"ImageObject\",\"inLanguage\":\"es\",\"@id\":\"https:\\\/\\\/yoann-conte.com\\\/les-etoiles-du-desert-diner-de-gala\\\/#primaryimage\",\"url\":\"https:\\\/\\\/yoann-conte.com\\\/wp-content\\\/uploads\\\/2022\\\/04\\\/348225284_897000131399345_5433943206272997094_n.jpg\",\"contentUrl\":\"https:\\\/\\\/yoann-conte.com\\\/wp-content\\\/uploads\\\/2022\\\/04\\\/348225284_897000131399345_5433943206272997094_n.jpg\",\"width\":2048,\"height\":1832},{\"@type\":\"BreadcrumbList\",\"@id\":\"https:\\\/\\\/yoann-conte.com\\\/les-etoiles-du-desert-diner-de-gala\\\/#breadcrumb\",\"itemListElement\":[{\"@type\":\"ListItem\",\"position\":1,\"name\":\"Accueil\",\"item\":\"https:\\\/\\\/yoann-conte.com\\\/\"},{\"@type\":\"ListItem\",\"position\":2,\"name\":\"Les \u00e9toiles du d\u00e9sert, diner de gala\"}]},{\"@type\":\"WebSite\",\"@id\":\"https:\\\/\\\/yoann-conte.com\\\/#website\",\"url\":\"https:\\\/\\\/yoann-conte.com\\\/\",\"name\":\"Yoann Conte, un lieu embl\u00e9matique \u00e0 Veyrier-du-lac, o\u00f9 se rencontrent l&#039;\u00e9l\u00e9gance de notre h\u00f4tel 5 \u00e9toiles et la cr\u00e9ativit\u00e9 d\u2019une cuisine gastronomique 2 \u00e9toiles, au c\u0153ur d\u2019un cadre naturel exceptionnel.\",\"description\":\"Restaurant gastronomique \u00e0 Annecy, Yoann Conte\",\"potentialAction\":[{\"@type\":\"SearchAction\",\"target\":{\"@type\":\"EntryPoint\",\"urlTemplate\":\"https:\\\/\\\/yoann-conte.com\\\/?s={search_term_string}\"},\"query-input\":{\"@type\":\"PropertyValueSpecification\",\"valueRequired\":true,\"valueName\":\"search_term_string\"}}],\"inLanguage\":\"es\"},{\"@type\":\"Person\",\"@id\":\"https:\\\/\\\/yoann-conte.com\\\/#\\\/schema\\\/person\\\/5e269f4debcd4830ba2d1de5aa021f3c\",\"name\":\"J2C\",\"image\":{\"@type\":\"ImageObject\",\"inLanguage\":\"es\",\"@id\":\"https:\\\/\\\/secure.gravatar.com\\\/avatar\\\/ca21499100412d26e1fe747cdadb3718df498d5f60319535894ea760f2b1b25f?s=96&d=mm&r=g\",\"url\":\"https:\\\/\\\/secure.gravatar.com\\\/avatar\\\/ca21499100412d26e1fe747cdadb3718df498d5f60319535894ea760f2b1b25f?s=96&d=mm&r=g\",\"contentUrl\":\"https:\\\/\\\/secure.gravatar.com\\\/avatar\\\/ca21499100412d26e1fe747cdadb3718df498d5f60319535894ea760f2b1b25f?s=96&d=mm&r=g\",\"caption\":\"J2C\"},\"sameAs\":[\"https:\\\/\\\/agence-commin.fr\\\/\"],\"url\":\"https:\\\/\\\/yoann-conte.com\\\/es\\\/author\\\/j2c\\\/\"}]}<\/script>\n<!-- \/ Yoast SEO plugin. -->","yoast_head_json":{"title":"Les \u00e9toiles du d\u00e9sert, diner de gala - Yoann Conte, un lieu embl\u00e9matique \u00e0 Veyrier-du-lac, o\u00f9 se rencontrent l&#039;\u00e9l\u00e9gance de notre h\u00f4tel 5 \u00e9toiles et la cr\u00e9ativit\u00e9 d\u2019une cuisine gastronomique 2 \u00e9toiles, au c\u0153ur d\u2019un cadre naturel exceptionnel.","robots":{"index":"index","follow":"follow","max-snippet":"max-snippet:-1","max-image-preview":"max-image-preview:large","max-video-preview":"max-video-preview:-1"},"canonical":"https:\/\/yoann-conte.com\/es\/les-etoiles-du-desert-diner-de-gala\/","og_locale":"es_ES","og_type":"article","og_title":"Les \u00e9toiles du d\u00e9sert, diner de gala - Yoann Conte, un lieu embl\u00e9matique \u00e0 Veyrier-du-lac, o\u00f9 se rencontrent l&#039;\u00e9l\u00e9gance de notre h\u00f4tel 5 \u00e9toiles et la cr\u00e9ativit\u00e9 d\u2019une cuisine gastronomique 2 \u00e9toiles, au c\u0153ur d\u2019un cadre naturel exceptionnel.","og_description":"pour l\u2019Association Les Puits du D\u00e9sert.","og_url":"https:\/\/yoann-conte.com\/es\/les-etoiles-du-desert-diner-de-gala\/","og_site_name":"Yoann Conte, un lieu embl\u00e9matique \u00e0 Veyrier-du-lac, o\u00f9 se rencontrent l&#039;\u00e9l\u00e9gance de notre h\u00f4tel 5 \u00e9toiles et la cr\u00e9ativit\u00e9 d\u2019une cuisine gastronomique 2 \u00e9toiles, au c\u0153ur d\u2019un cadre naturel exceptionnel.","article_published_time":"2022-04-04T07:00:41+00:00","article_modified_time":"2026-01-21T13:54:28+00:00","og_image":[{"width":2048,"height":1832,"url":"https:\/\/yoann-conte.com\/wp-content\/uploads\/2022\/04\/348225284_897000131399345_5433943206272997094_n.jpg","type":"image\/jpeg"}],"author":"J2C","twitter_card":"summary_large_image","twitter_misc":{"Escrito por":"J2C","Tiempo de lectura":"2 minutos"},"schema":{"@context":"https:\/\/schema.org","@graph":[{"@type":"Article","@id":"https:\/\/yoann-conte.com\/les-etoiles-du-desert-diner-de-gala\/#article","isPartOf":{"@id":"https:\/\/yoann-conte.com\/les-etoiles-du-desert-diner-de-gala\/"},"author":{"name":"J2C","@id":"https:\/\/yoann-conte.com\/#\/schema\/person\/5e269f4debcd4830ba2d1de5aa021f3c"},"headline":"Les \u00e9toiles du d\u00e9sert, diner de gala","datePublished":"2022-04-04T07:00:41+00:00","dateModified":"2026-01-21T13:54:28+00:00","mainEntityOfPage":{"@id":"https:\/\/yoann-conte.com\/les-etoiles-du-desert-diner-de-gala\/"},"wordCount":353,"image":{"@id":"https:\/\/yoann-conte.com\/les-etoiles-du-desert-diner-de-gala\/#primaryimage"},"thumbnailUrl":"https:\/\/yoann-conte.com\/wp-content\/uploads\/2022\/04\/348225284_897000131399345_5433943206272997094_n.jpg","articleSection":["News"],"inLanguage":"es"},{"@type":"WebPage","@id":"https:\/\/yoann-conte.com\/les-etoiles-du-desert-diner-de-gala\/","url":"https:\/\/yoann-conte.com\/les-etoiles-du-desert-diner-de-gala\/","name":"Les \u00e9toiles du d\u00e9sert, diner de gala - Yoann Conte, un lieu embl\u00e9matique \u00e0 Veyrier-du-lac, o\u00f9 se rencontrent l&#039;\u00e9l\u00e9gance de notre h\u00f4tel 5 \u00e9toiles et la cr\u00e9ativit\u00e9 d\u2019une cuisine gastronomique 2 \u00e9toiles, au c\u0153ur d\u2019un cadre naturel exceptionnel.","isPartOf":{"@id":"https:\/\/yoann-conte.com\/#website"},"primaryImageOfPage":{"@id":"https:\/\/yoann-conte.com\/les-etoiles-du-desert-diner-de-gala\/#primaryimage"},"image":{"@id":"https:\/\/yoann-conte.com\/les-etoiles-du-desert-diner-de-gala\/#primaryimage"},"thumbnailUrl":"https:\/\/yoann-conte.com\/wp-content\/uploads\/2022\/04\/348225284_897000131399345_5433943206272997094_n.jpg","datePublished":"2022-04-04T07:00:41+00:00","dateModified":"2026-01-21T13:54:28+00:00","author":{"@id":"https:\/\/yoann-conte.com\/#\/schema\/person\/5e269f4debcd4830ba2d1de5aa021f3c"},"breadcrumb":{"@id":"https:\/\/yoann-conte.com\/les-etoiles-du-desert-diner-de-gala\/#breadcrumb"},"inLanguage":"es","potentialAction":[{"@type":"ReadAction","target":["https:\/\/yoann-conte.com\/les-etoiles-du-desert-diner-de-gala\/"]}]},{"@type":"ImageObject","inLanguage":"es","@id":"https:\/\/yoann-conte.com\/les-etoiles-du-desert-diner-de-gala\/#primaryimage","url":"https:\/\/yoann-conte.com\/wp-content\/uploads\/2022\/04\/348225284_897000131399345_5433943206272997094_n.jpg","contentUrl":"https:\/\/yoann-conte.com\/wp-content\/uploads\/2022\/04\/348225284_897000131399345_5433943206272997094_n.jpg","width":2048,"height":1832},{"@type":"BreadcrumbList","@id":"https:\/\/yoann-conte.com\/les-etoiles-du-desert-diner-de-gala\/#breadcrumb","itemListElement":[{"@type":"ListItem","position":1,"name":"Accueil","item":"https:\/\/yoann-conte.com\/"},{"@type":"ListItem","position":2,"name":"Les \u00e9toiles du d\u00e9sert, diner de gala"}]},{"@type":"WebSite","@id":"https:\/\/yoann-conte.com\/#website","url":"https:\/\/yoann-conte.com\/","name":"Yoann Conte, un lieu embl\u00e9matique \u00e0 Veyrier-du-lac, o\u00f9 se rencontrent l&#039;\u00e9l\u00e9gance de notre h\u00f4tel 5 \u00e9toiles et la cr\u00e9ativit\u00e9 d\u2019une cuisine gastronomique 2 \u00e9toiles, au c\u0153ur d\u2019un cadre naturel exceptionnel.","description":"Restaurante gastron\u00f3mico en Annecy, Yoann Conte","potentialAction":[{"@type":"SearchAction","target":{"@type":"EntryPoint","urlTemplate":"https:\/\/yoann-conte.com\/?s={search_term_string}"},"query-input":{"@type":"PropertyValueSpecification","valueRequired":true,"valueName":"search_term_string"}}],"inLanguage":"es"},{"@type":"Person","@id":"https:\/\/yoann-conte.com\/#\/schema\/person\/5e269f4debcd4830ba2d1de5aa021f3c","name":"J2C","image":{"@type":"ImageObject","inLanguage":"es","@id":"https:\/\/secure.gravatar.com\/avatar\/ca21499100412d26e1fe747cdadb3718df498d5f60319535894ea760f2b1b25f?s=96&d=mm&r=g","url":"https:\/\/secure.gravatar.com\/avatar\/ca21499100412d26e1fe747cdadb3718df498d5f60319535894ea760f2b1b25f?s=96&d=mm&r=g","contentUrl":"https:\/\/secure.gravatar.com\/avatar\/ca21499100412d26e1fe747cdadb3718df498d5f60319535894ea760f2b1b25f?s=96&d=mm&r=g","caption":"J2C"},"sameAs":["https:\/\/agence-commin.fr\/"],"url":"https:\/\/yoann-conte.com\/es\/author\/j2c\/"}]}},"_links":{"self":[{"href":"https:\/\/yoann-conte.com\/es\/wp-json\/wp\/v2\/posts\/10646","targetHints":{"allow":["GET"]}}],"collection":[{"href":"https:\/\/yoann-conte.com\/es\/wp-json\/wp\/v2\/posts"}],"about":[{"href":"https:\/\/yoann-conte.com\/es\/wp-json\/wp\/v2\/types\/post"}],"author":[{"embeddable":true,"href":"https:\/\/yoann-conte.com\/es\/wp-json\/wp\/v2\/users\/1"}],"replies":[{"embeddable":true,"href":"https:\/\/yoann-conte.com\/es\/wp-json\/wp\/v2\/comments?post=10646"}],"version-history":[{"count":2,"href":"https:\/\/yoann-conte.com\/es\/wp-json\/wp\/v2\/posts\/10646\/revisions"}],"predecessor-version":[{"id":35058,"href":"https:\/\/yoann-conte.com\/es\/wp-json\/wp\/v2\/posts\/10646\/revisions\/35058"}],"wp:featuredmedia":[{"embeddable":true,"href":"https:\/\/yoann-conte.com\/es\/wp-json\/wp\/v2\/media\/35056"}],"wp:attachment":[{"href":"https:\/\/yoann-conte.com\/es\/wp-json\/wp\/v2\/media?parent=10646"}],"wp:term":[{"taxonomy":"category","embeddable":true,"href":"https:\/\/yoann-conte.com\/es\/wp-json\/wp\/v2\/categories?post=10646"},{"taxonomy":"post_tag","embeddable":true,"href":"https:\/\/yoann-conte.com\/es\/wp-json\/wp\/v2\/tags?post=10646"}],"curies":[{"name":"wp","href":"https:\/\/api.w.org\/{rel}","templated":true}]}}