{"id":36397,"date":"2026-09-01T13:32:27","date_gmt":"2026-09-01T11:32:27","guid":{"rendered":"https:\/\/yoann-conte.com\/?p=36397"},"modified":"2026-09-01T14:43:43","modified_gmt":"2026-09-01T12:43:43","slug":"cremerie-des-marches","status":"publish","type":"post","link":"https:\/\/yoann-conte.com\/en\/cremerie-des-marches\/","title":{"rendered":"Cr\u00e8merie des March\u00e9s"},"content":{"rendered":"<div class=\"wpb-content-wrapper\"><div data-vc-full-width=\"true\" data-vc-full-width-init=\"false\" data-vc-stretch-content=\"true\" class=\"vc_row wpb_row vc_row-fluid mpc-row\"><div class=\"wpb_column vc_column_container vc_col-sm-2 mpc-column\" data-column-id=\"mpc_column-886a9a5bd73574f\"><div class=\"vc_column-inner\"><div class=\"wpb_wrapper\"><\/div><\/div><\/div><div class=\"wpb_column vc_column_container vc_col-sm-8 mpc-column\" data-column-id=\"mpc_column-656a9a5bd73678a\"><div class=\"vc_column-inner\"><div class=\"wpb_wrapper\">\n\t<div class=\"wpb_text_column wpb_content_element\">\n\t\t<div class=\"wpb_wrapper\">\n\t\t\t<p><span style=\"font-size: 14pt; font-family: brandon; color: #999999;\"><a style=\"color: #999999;\" href=\"https:\/\/yoann-conte.com\/producteurs\/\"><span style=\"font-family: bon-vivant-bold;\">&lt; Retour<\/span><\/a><\/span><\/p>\n\n\t\t<\/div>\n\t<\/div>\n<div class=\"vc_empty_space\" style=\"height: 16px\"><span class=\"vc_empty_space_inner\"><\/span><\/div>\n\t<div class=\"wpb_single_image wpb_content_element vc_align_left wpb_content_element\">\n\t\t\n\t\t<figure class=\"wpb_wrapper vc_figure\">\n\t\t\t<div class=\"vc_single_image-wrapper   vc_box_border_grey\"><img loading=\"lazy\" decoding=\"async\" width=\"2560\" height=\"1709\" src=\"https:\/\/yoann-conte.com\/wp-content\/uploads\/2026\/09\/rep-caves-cdm-hd-17-jm-%E2%94%AC%C2%AE-0105-scaled.jpg\" class=\"vc_single_image-img attachment-full\" alt=\"\" title=\"rep-caves-cdm-hd-17-jm-&#9516;&reg;-0105\" srcset=\"https:\/\/yoann-conte.com\/wp-content\/uploads\/2026\/09\/rep-caves-cdm-hd-17-jm-&#9516;&reg;-0105-scaled.jpg 2560w, https:\/\/yoann-conte.com\/wp-content\/uploads\/2026\/09\/rep-caves-cdm-hd-17-jm-&#9516;&reg;-0105-300x200.jpg 300w, https:\/\/yoann-conte.com\/wp-content\/uploads\/2026\/09\/rep-caves-cdm-hd-17-jm-&#9516;&reg;-0105-1024x684.jpg 1024w, https:\/\/yoann-conte.com\/wp-content\/uploads\/2026\/09\/rep-caves-cdm-hd-17-jm-&#9516;&reg;-0105-768x513.jpg 768w, https:\/\/yoann-conte.com\/wp-content\/uploads\/2026\/09\/rep-caves-cdm-hd-17-jm-&#9516;&reg;-0105-1536x1025.jpg 1536w, https:\/\/yoann-conte.com\/wp-content\/uploads\/2026\/09\/rep-caves-cdm-hd-17-jm-&#9516;&reg;-0105-2048x1367.jpg 2048w, https:\/\/yoann-conte.com\/wp-content\/uploads\/2026\/09\/rep-caves-cdm-hd-17-jm-&#9516;&reg;-0105-18x12.jpg 18w, https:\/\/yoann-conte.com\/wp-content\/uploads\/2026\/09\/rep-caves-cdm-hd-17-jm-&#9516;&reg;-0105-1080x721.jpg 1080w, https:\/\/yoann-conte.com\/wp-content\/uploads\/2026\/09\/rep-caves-cdm-hd-17-jm-&#9516;&reg;-0105-1280x855.jpg 1280w, https:\/\/yoann-conte.com\/wp-content\/uploads\/2026\/09\/rep-caves-cdm-hd-17-jm-&#9516;&reg;-0105-980x654.jpg 980w, https:\/\/yoann-conte.com\/wp-content\/uploads\/2026\/09\/rep-caves-cdm-hd-17-jm-&#9516;&reg;-0105-480x320.jpg 480w, https:\/\/yoann-conte.com\/wp-content\/uploads\/2026\/09\/rep-caves-cdm-hd-17-jm-&#9516;&reg;-0105-24x16.jpg 24w, https:\/\/yoann-conte.com\/wp-content\/uploads\/2026\/09\/rep-caves-cdm-hd-17-jm-&#9516;&reg;-0105-36x24.jpg 36w, https:\/\/yoann-conte.com\/wp-content\/uploads\/2026\/09\/rep-caves-cdm-hd-17-jm-&#9516;&reg;-0105-48x32.jpg 48w\" sizes=\"(max-width: 2560px) 100vw, 2560px\"><\/div>\n\t\t<\/figure>\n\t<\/div>\n<\/div><\/div><\/div><div class=\"wpb_column vc_column_container vc_col-sm-2 mpc-column\" data-column-id=\"mpc_column-286a9a5bd7368d0\"><div class=\"vc_column-inner\"><div class=\"wpb_wrapper\"><\/div><\/div><\/div><\/div><div class=\"vc_row-full-width vc_clearfix\"><\/div><div data-vc-full-width=\"true\" data-vc-full-width-init=\"false\" data-vc-stretch-content=\"true\" class=\"vc_row wpb_row vc_row-fluid vc_custom_1689169309916 vc_row-o-equal-height vc_row-flex mpc-row\"><div class=\"wpb_column vc_column_container vc_col-sm-12 mpc-column\" data-column-id=\"mpc_column-606a9a5bd7388ca\"><div class=\"vc_column-inner vc_custom_1689173610484\"><div class=\"wpb_wrapper\"><div class=\"vc_row wpb_row vc_inner vc_row-fluid mpc-row\"><div class=\"wpb_column vc_column_container vc_col-sm-2 mpc-column\" data-column-id=\"mpc_column-56a9a5bd736e4e\"><div class=\"vc_column-inner\"><div class=\"wpb_wrapper\"><\/div><\/div><\/div><div class=\"wpb_column vc_column_container vc_col-sm-8 mpc-column\" data-column-id=\"mpc_column-836a9a5bd737296\"><div class=\"vc_column-inner\"><div class=\"wpb_wrapper\">\n\t<div class=\"wpb_text_column wpb_content_element\">\n\t\t<div class=\"wpb_wrapper\">\n\t\t\t<h1 class=\"detailActuTitre\" style=\"text-align: center;\"><span style=\"font-size: 36pt; font-family: bon-vivant-bold;\">Cr&egrave;merie des March&eacute;s<\/span><\/h1>\n\n\t\t<\/div>\n\t<\/div>\n\n\t<div class=\"wpb_text_column wpb_content_element\">\n\t\t<div class=\"wpb_wrapper\">\n\t\t\t<p style=\"text-align: center;\"><span style=\"font-family: brandon; font-size: 14pt;\">Depuis trois g&eacute;n&eacute;rations la famille Dubouloz originaire d&rsquo;Annecy partage la passion pour l&rsquo;affinage du fromage. Marc Dubouloz reprend l&rsquo;affaire familiale apr&egrave;s 10 ann&eacute;es aux c&ocirc;t&eacute;s de son p&egrave;re Jacques titr&eacute; du Meilleur ouvrier de France en 2004.<\/span><\/p>\n\n\t\t<\/div>\n\t<\/div>\n<div class=\"vc_btn3-container vc_btn3-center vc_do_btn\"><a class=\"vc_general vc_btn3 vc_btn3-size-md vc_btn3-shape-rounded vc_btn3-style-modern vc_btn3-color-black\" href=\"https:\/\/www.cremeriedesmarches.fr\" title=\"\" target=\"_blank\">Visiter leur site<\/a><\/div><\/div><\/div><\/div><div class=\"wpb_column vc_column_container vc_col-sm-2 mpc-column\" data-column-id=\"mpc_column-586a9a5bd73737b\"><div class=\"vc_column-inner\"><div class=\"wpb_wrapper\"><\/div><\/div><\/div><\/div><div class=\"vc_empty_space\" style=\"height: 32px\"><span class=\"vc_empty_space_inner\"><\/span><\/div><div class=\"vc_row wpb_row vc_inner vc_row-fluid mpc-row\"><div class=\"wpb_column vc_column_container vc_col-sm-2 mpc-column\" data-column-id=\"mpc_column-986a9a5bd73762e\"><div class=\"vc_column-inner\"><div class=\"wpb_wrapper\"><\/div><\/div><\/div><div class=\"wpb_column vc_column_container vc_col-sm-4 mpc-column\" data-column-id=\"mpc_column-766a9a5bd7378a8\"><div class=\"vc_column-inner\"><div class=\"wpb_wrapper\"><div class=\"vc_empty_space\" style=\"height: 30px\"><span class=\"vc_empty_space_inner\"><\/span><\/div>\n\t<div class=\"wpb_text_column wpb_content_element\">\n\t\t<div class=\"wpb_wrapper\">\n\t\t\t<p><span style=\"font-family: brandon; font-size: 14pt;\"><strong>Marc<\/strong> comme son grand p&egrave;re et son p&egrave;re perp&eacute;tue le <strong>m&eacute;tier<\/strong> et la <strong>passion<\/strong> des fromages. Depuis son plus jeune &acirc;ge, il parcourt les caves et regarde son p&egrave;re travailler avec passion. Sa personnalit&eacute; s&rsquo;est forg&eacute;e entre le <strong>fromage<\/strong> et la <strong>montagne<\/strong>. Les sommets, un passage oblig&eacute; quand on est un Dubouloz, pour parfaire ses produits comme sa condition physique.<\/span><\/p>\n<p><span style=\"font-family: brandon; font-size: 14pt;\">Apr&egrave;s avoir form&eacute; un duo <strong>authentique<\/strong> et <strong>compl&eacute;mentaire<\/strong> avec son <strong>p&egrave;re<\/strong> pendant 10 ans, il reprend aujourd&rsquo;hui pleinement la soci&eacute;t&eacute;. N&eacute; dans l&rsquo;&egrave;re du <strong>digital<\/strong>, il apporte aujourd&rsquo;hui sa touche de <strong>modernit&eacute;<\/strong> &agrave; la soci&eacute;t&eacute; avec notamment le site internet, la vente en ligne, le retrait en magasin, mais &eacute;galement l&rsquo;informatisation de toute l&rsquo;activit&eacute;.&nbsp;<\/span><\/p>\n<p><span style=\"font-family: brandon; font-size: 14pt;\">D&eacute;sireux de suivre les traces de son grand-p&egrave;re et de son p&egrave;re, il perp&eacute;tue la <strong>tradition<\/strong> d&rsquo;un travail minutieux pour vous servir le<strong> meilleur<\/strong> des fromages. Que ce soit en boutique, sur les march&eacute;s ou sur le e-shop, chaque produit est soign&eacute;, examin&eacute; et affin&eacute; jusqu&rsquo;&agrave; plusieurs ann&eacute;es, avant d&rsquo;&ecirc;tre propos&eacute; aux clients.<\/span><\/p>\n<p><span style=\"font-family: brandon; font-size: 14pt;\">La face cach&eacute;e du m&eacute;tier, et sans doute l&rsquo;une des plus importantes, se d&eacute;roule dans les <strong>caves<\/strong> de La Cr&eacute;merie des March&eacute;s. C&rsquo;est l&agrave; que les fromages sont accompagn&eacute;s avec soin tout au long de leur <strong>maturation<\/strong>, afin de r&eacute;v&eacute;ler pleinement leurs saveurs et leur caract&egrave;re. Un travail d&rsquo;affinage qui demande <strong>patience<\/strong>, <strong>savoir-faire<\/strong> et <strong>attention<\/strong> au moindre d&eacute;tail, pour d&eacute;tecter tout &eacute;ventuel d&eacute;faut et garantir une <strong>qualit&eacute;<\/strong> optimale &agrave; chaque fromage propos&eacute;.<\/span><\/p>\n<p><span style=\"font-family: brandon; font-size: 14pt;\">Exigent sur la qualit&eacute;, la famille Dubouloz attache une r&eacute;elle importance sur le choix des producteurs. Car derri&egrave;re chacun d&rsquo;entre eux, il y a une <strong>histoire<\/strong>, un <strong>savoir-faire<\/strong>, des hommes, des femmes, et c&rsquo;est cette histoire qu&rsquo;ils partagent avec chacun de leur client!<\/span><\/p>\n\n\t\t<\/div>\n\t<\/div>\n<\/div><\/div><\/div><div class=\"wpb_column vc_column_container vc_col-sm-4 mpc-column\" data-column-id=\"mpc_column-626a9a5bd7384cc\"><div class=\"vc_column-inner\"><div class=\"wpb_wrapper\">\n\t<div class=\"wpb_single_image wpb_content_element vc_align_left wpb_content_element\">\n\t\t\n\t\t<figure class=\"wpb_wrapper vc_figure\">\n\t\t\t<div class=\"vc_single_image-wrapper   vc_box_border_grey\"><img loading=\"lazy\" decoding=\"async\" width=\"1080\" height=\"1920\" src=\"https:\/\/yoann-conte.com\/wp-content\/uploads\/2026\/09\/fromage.png\" class=\"vc_single_image-img attachment-full\" alt=\"\" title=\"fromage\" srcset=\"https:\/\/yoann-conte.com\/wp-content\/uploads\/2026\/09\/fromage.png 1080w, https:\/\/yoann-conte.com\/wp-content\/uploads\/2026\/09\/fromage-980x1742.png 980w, https:\/\/yoann-conte.com\/wp-content\/uploads\/2026\/09\/fromage-480x853.png 480w\" sizes=\"(min-width: 0px) and (max-width: 480px) 480px, (min-width: 481px) and (max-width: 980px) 980px, (min-width: 981px) 1080px, 100vw\"><\/div>\n\t\t<\/figure>\n\t<\/div>\n<\/div><\/div><\/div><div class=\"wpb_column vc_column_container vc_col-sm-2 mpc-column\" data-column-id=\"mpc_column-926a9a5bd7385b7\"><div class=\"vc_column-inner\"><div class=\"wpb_wrapper\"><\/div><\/div><\/div><\/div><div class=\"vc_empty_space\" style=\"height: 50px\"><span class=\"vc_empty_space_inner\"><\/span><\/div><\/div><\/div><\/div><\/div><div class=\"vc_row-full-width vc_clearfix\"><\/div><div data-vc-full-width=\"true\" data-vc-full-width-init=\"false\" data-vc-stretch-content=\"true\" class=\"vc_row wpb_row vc_row-fluid vc_custom_1711641174479 mpc-row\" data-row-id=\"mpc_row-976a9a5bd73a439\"><div class=\"mpc-overlay mpc-overlay--first\" data-speed=\"25\"><\/div><div class=\"wpb_column vc_column_container vc_col-sm-12 mpc-column\" data-column-id=\"mpc_column-136a9a5bd73a312\"><div class=\"vc_column-inner\"><div class=\"wpb_wrapper\"><div class=\"vc_row wpb_row vc_inner vc_row-fluid mpc-row\"><div class=\"wpb_column vc_column_container vc_col-sm-2 mpc-column\" data-column-id=\"mpc_column-886a9a5bd738f00\"><div class=\"vc_column-inner\"><div class=\"wpb_wrapper\"><\/div><\/div><\/div><div class=\"wpb_column vc_column_container vc_col-sm-4 mpc-column\" data-column-id=\"mpc_column-416a9a5bd739b9c\"><div class=\"vc_column-inner\"><div class=\"wpb_wrapper\"><div class=\"vc_empty_space\" style=\"height: 32px\"><span class=\"vc_empty_space_inner\"><\/span><\/div>\n\t<div class=\"wpb_single_image wpb_content_element vc_align_left wpb_content_element\">\n\t\t\n\t\t<figure class=\"wpb_wrapper vc_figure\">\n\t\t\t<div class=\"vc_single_image-wrapper   vc_box_border_grey\"><img loading=\"lazy\" decoding=\"async\" width=\"2560\" height=\"1920\" src=\"https:\/\/yoann-conte.com\/wp-content\/uploads\/2026\/09\/2023_Cr%E2%94%9C%C2%BFmerie_des_march%E2%94%9C%C2%AEs_@Yohann-26-scaled-1.jpg\" class=\"vc_single_image-img attachment-full\" alt=\"\" title=\"2023_Cr&#9500;&iquest;merie_des_march&#9500;&reg;s_@Yohann-26-scaled\" srcset=\"https:\/\/yoann-conte.com\/wp-content\/uploads\/2026\/09\/2023_Cr&#9500;&iquest;merie_des_march&#9500;&reg;s_@Yohann-26-scaled-1.jpg 2560w, https:\/\/yoann-conte.com\/wp-content\/uploads\/2026\/09\/2023_Cr&#9500;&iquest;merie_des_march&#9500;&reg;s_@Yohann-26-scaled-1-300x225.jpg 300w, https:\/\/yoann-conte.com\/wp-content\/uploads\/2026\/09\/2023_Cr&#9500;&iquest;merie_des_march&#9500;&reg;s_@Yohann-26-scaled-1-1024x768.jpg 1024w, https:\/\/yoann-conte.com\/wp-content\/uploads\/2026\/09\/2023_Cr&#9500;&iquest;merie_des_march&#9500;&reg;s_@Yohann-26-scaled-1-768x576.jpg 768w, https:\/\/yoann-conte.com\/wp-content\/uploads\/2026\/09\/2023_Cr&#9500;&iquest;merie_des_march&#9500;&reg;s_@Yohann-26-scaled-1-1536x1152.jpg 1536w, https:\/\/yoann-conte.com\/wp-content\/uploads\/2026\/09\/2023_Cr&#9500;&iquest;merie_des_march&#9500;&reg;s_@Yohann-26-scaled-1-2048x1536.jpg 2048w, https:\/\/yoann-conte.com\/wp-content\/uploads\/2026\/09\/2023_Cr&#9500;&iquest;merie_des_march&#9500;&reg;s_@Yohann-26-scaled-1-16x12.jpg 16w, https:\/\/yoann-conte.com\/wp-content\/uploads\/2026\/09\/2023_Cr&#9500;&iquest;merie_des_march&#9500;&reg;s_@Yohann-26-scaled-1-510x382.jpg 510w, https:\/\/yoann-conte.com\/wp-content\/uploads\/2026\/09\/2023_Cr&#9500;&iquest;merie_des_march&#9500;&reg;s_@Yohann-26-scaled-1-1080x810.jpg 1080w, https:\/\/yoann-conte.com\/wp-content\/uploads\/2026\/09\/2023_Cr&#9500;&iquest;merie_des_march&#9500;&reg;s_@Yohann-26-scaled-1-1280x960.jpg 1280w, https:\/\/yoann-conte.com\/wp-content\/uploads\/2026\/09\/2023_Cr&#9500;&iquest;merie_des_march&#9500;&reg;s_@Yohann-26-scaled-1-980x735.jpg 980w, https:\/\/yoann-conte.com\/wp-content\/uploads\/2026\/09\/2023_Cr&#9500;&iquest;merie_des_march&#9500;&reg;s_@Yohann-26-scaled-1-480x360.jpg 480w, https:\/\/yoann-conte.com\/wp-content\/uploads\/2026\/09\/2023_Cr&#9500;&iquest;merie_des_march&#9500;&reg;s_@Yohann-26-scaled-1-24x18.jpg 24w, https:\/\/yoann-conte.com\/wp-content\/uploads\/2026\/09\/2023_Cr&#9500;&iquest;merie_des_march&#9500;&reg;s_@Yohann-26-scaled-1-36x27.jpg 36w, https:\/\/yoann-conte.com\/wp-content\/uploads\/2026\/09\/2023_Cr&#9500;&iquest;merie_des_march&#9500;&reg;s_@Yohann-26-scaled-1-48x36.jpg 48w\" sizes=\"(max-width: 2560px) 100vw, 2560px\"><\/div>\n\t\t<\/figure>\n\t<\/div>\n<\/div><\/div><\/div><div class=\"wpb_column vc_column_container vc_col-sm-4 mpc-column\" data-column-id=\"mpc_column-786a9a5bd739f5a\"><div class=\"vc_column-inner\"><div class=\"wpb_wrapper\"><div class=\"vc_empty_space\" style=\"height: 50px\"><span class=\"vc_empty_space_inner\"><\/span><\/div>\n\t<div class=\"wpb_text_column wpb_content_element\">\n\t\t<div class=\"wpb_wrapper\">\n\t\t\t<p style=\"text-align: center;\"><span style=\"color: #ffffff;\"><strong><span style=\"font-size: 24pt; font-family: bon-vivant-serif;\"><em>Une collaboration&hellip;<\/em><\/span><\/strong><\/span><\/p>\n\n\t\t<\/div>\n\t<\/div>\n\n\t<div class=\"wpb_text_column wpb_content_element\">\n\t\t<div class=\"wpb_wrapper\">\n\t\t\t<div class=\"flex-1 overflow-hidden\">\n<div class=\"react-scroll-to-bottom--css-wzmei-79elbk h-full\">\n<div class=\"react-scroll-to-bottom--css-wzmei-1n7m0yu\">\n<div class=\"flex flex-col text-sm pb-9\">\n<div class=\"w-full text-token-text-primary\" data-testid=\"conversation-turn-40\">\n<div class=\"px-4 py-2 justify-center text-base md:gap-6 m-auto\">\n<div class=\"flex flex-1 text-base mx-auto gap-3 md:px-5 lg:px-1 xl:px-5 md:max-w-3xl lg:max-w-[40rem] xl:max-w-[48rem] group final-completion\">\n<div class=\"relative flex w-full flex-col agent-turn\">\n<div class=\"flex-col gap-1 md:gap-3\">\n<div class=\"flex flex-grow flex-col max-w-full\">\n<div class=\"min-h-[20px] text-message flex flex-col items-start gap-3 whitespace-pre-wrap break-words [.text-message+&amp;]:mt-5 overflow-x-auto\" data-message-author-role=\"assistant\" data-message-id=\"88be0cf0-d1b6-4925-9aa9-e57cfd234dfa\">\n<div class=\"markdown prose w-full break-words dark:prose-invert light\">\n<p style=\"text-align: justify;\"><span style=\"font-family: brandon; font-size: 14pt; color: #ffffff;\">La rencontre entre Yoann Conte et Marc Dubouloz est avant tout celle de deux passionn&eacute;s anim&eacute;s par une m&ecirc;me sensibilit&eacute;. Au fil des &eacute;changes et des d&eacute;gustations, une v&eacute;ritable complicit&eacute; s&rsquo;est cr&eacute;&eacute;e, nourrie par la curiosit&eacute;, le partage et l&rsquo;envie de faire dialoguer leurs univers.<\/span><\/p>\n<p style=\"text-align: justify;\"><span style=\"font-family: brandon; font-size: 14pt; color: #ffffff;\">Cette collaboration donne naissance &agrave; une s&eacute;lection pens&eacute;e ensemble, o&ugrave; le regard du fromager rencontre celui du chef. Une approche instinctive et cr&eacute;ative, dans laquelle chacun apporte son expertise pour imaginer de nouvelles associations et offrir une place singuli&egrave;re au fromage dans l&rsquo;exp&eacute;rience propos&eacute;e par Yoann Conte.<\/span><\/p>\n<\/div>\n<\/div>\n<\/div>\n<div class=\"mt-1 flex justify-start gap-3 empty:hidden\" style=\"text-align: justify;\">\n<div class=\"text-gray-400 flex self-end lg:self-center items-center justify-center lg:justify-start mt-0 -ml-1 h-7 gap-[2px] visible\">\n<div class=\"flex\"><\/div>\n<\/div>\n<\/div>\n<div class=\"pr-2 lg:pr-0\" style=\"text-align: justify;\"><\/div>\n<\/div>\n<div class=\"absolute\" style=\"text-align: justify;\">\n<div class=\"flex w-full gap-2 items-center justify-center\"><\/div>\n<\/div>\n<\/div>\n<\/div>\n<\/div>\n<\/div>\n<\/div>\n<\/div>\n<\/div>\n<\/div>\n<div class=\"w-full pt-2 md:pt-0 dark:border-white\/20 md:border-transparent md:dark:border-transparent md:w-[calc(100%-.5rem)]\">\n<form class=\"stretch mx-2 flex flex-row gap-3 last:mb-2 md:mx-4 md:last:mb-6 lg:mx-auto lg:max-w-2xl xl:max-w-3xl\">\n<div class=\"relative flex h-full flex-1 flex-col\">\n<div class=\"absolute bottom-full left-0 right-0\" style=\"text-align: justify;\"><\/div>\n<div class=\"flex w-full items-center\" style=\"text-align: justify;\"><\/div>\n<\/div>\n<\/form>\n<\/div>\n\n\t\t<\/div>\n\t<\/div>\n<\/div><\/div><\/div><div class=\"wpb_column vc_column_container vc_col-sm-2 mpc-column\" data-column-id=\"mpc_column-996a9a5bd73a05a\"><div class=\"vc_column-inner\"><div class=\"wpb_wrapper\"><\/div><\/div><\/div><\/div><\/div><\/div><\/div><\/div><div class=\"vc_row-full-width vc_clearfix\"><\/div>\n<\/div>","protected":false},"excerpt":{"rendered":"<p style=\"text-align: center;\">La Cr\u00e8merie des March\u00e9s<\/p>","protected":false},"author":3,"featured_media":36398,"comment_status":"closed","ping_status":"closed","sticky":false,"template":"","format":"standard","meta":{"_et_pb_use_builder":"","_et_pb_old_content":"","_et_gb_content_width":"","inline_featured_image":false,"footnotes":""},"categories":[49],"tags":[],"class_list":["post-36397","post","type-post","status-publish","format-standard","has-post-thumbnail","hentry","category-producteurs"],"yoast_head":"<!-- This site is optimized with the Yoast SEO plugin v28.4 - https:\/\/yoast.com\/product\/yoast-seo-wordpress\/ -->\n<title>Cr\u00e8merie des March\u00e9s - Yoann Conte, un lieu embl\u00e9matique \u00e0 Veyrier-du-lac, o\u00f9 se rencontrent l&#039;\u00e9l\u00e9gance de notre h\u00f4tel 5 \u00e9toiles et la cr\u00e9ativit\u00e9 d\u2019une cuisine gastronomique 2 \u00e9toiles, au c\u0153ur d\u2019un cadre naturel exceptionnel.<\/title>\n<meta name=\"robots\" content=\"index, follow, max-snippet:-1, max-image-preview:large, max-video-preview:-1\" \/>\n<link rel=\"canonical\" href=\"https:\/\/yoann-conte.com\/en\/cremerie-des-marches\/\" \/>\n<meta property=\"og:locale\" content=\"en_GB\" \/>\n<meta property=\"og:type\" content=\"article\" \/>\n<meta property=\"og:title\" content=\"Cr\u00e8merie des March\u00e9s - Yoann Conte, un lieu embl\u00e9matique \u00e0 Veyrier-du-lac, o\u00f9 se rencontrent l&#039;\u00e9l\u00e9gance de notre h\u00f4tel 5 \u00e9toiles et la cr\u00e9ativit\u00e9 d\u2019une cuisine gastronomique 2 \u00e9toiles, au c\u0153ur d\u2019un cadre naturel exceptionnel.\" \/>\n<meta property=\"og:description\" content=\"La Cr\u00e8merie des March\u00e9s\" \/>\n<meta property=\"og:url\" content=\"https:\/\/yoann-conte.com\/en\/cremerie-des-marches\/\" \/>\n<meta property=\"og:site_name\" content=\"Yoann Conte, un lieu embl\u00e9matique \u00e0 Veyrier-du-lac, o\u00f9 se rencontrent l&#039;\u00e9l\u00e9gance de notre h\u00f4tel 5 \u00e9toiles et la cr\u00e9ativit\u00e9 d\u2019une cuisine gastronomique 2 \u00e9toiles, au c\u0153ur d\u2019un cadre naturel exceptionnel.\" \/>\n<meta property=\"article:published_time\" content=\"2026-09-01T11:32:27+00:00\" \/>\n<meta property=\"article:modified_time\" content=\"2026-09-01T12:43:43+00:00\" \/>\n<meta property=\"og:image\" content=\"https:\/\/yoann-conte.com\/wp-content\/uploads\/2026\/09\/2023_Cr\u251c\u00bfmerie_des_march\u251c\u00aes_@Yohann-24-scaled.jpg\" \/>\n\t<meta property=\"og:image:width\" content=\"1920\" \/>\n\t<meta property=\"og:image:height\" content=\"2560\" \/>\n\t<meta property=\"og:image:type\" content=\"image\/jpeg\" \/>\n<meta name=\"author\" content=\"Marion SEMENOL\" \/>\n<meta name=\"twitter:card\" content=\"summary_large_image\" \/>\n<meta name=\"twitter:label1\" content=\"Written by\" \/>\n\t<meta name=\"twitter:data1\" content=\"Marion SEMENOL\" \/>\n\t<meta name=\"twitter:label2\" content=\"Estimated reading time\" \/>\n\t<meta name=\"twitter:data2\" content=\"3 minutes\" \/>\n<script type=\"application\/ld+json\" class=\"yoast-schema-graph\">{\"@context\":\"https:\\\/\\\/schema.org\",\"@graph\":[{\"@type\":\"Article\",\"@id\":\"https:\\\/\\\/yoann-conte.com\\\/cremerie-des-marches\\\/#article\",\"isPartOf\":{\"@id\":\"https:\\\/\\\/yoann-conte.com\\\/cremerie-des-marches\\\/\"},\"author\":{\"name\":\"Marion SEMENOL\",\"@id\":\"https:\\\/\\\/yoann-conte.com\\\/#\\\/schema\\\/person\\\/e6a6a08a8e15dc6ba3174c7012722169\"},\"headline\":\"Cr\u00e8merie des March\u00e9s\",\"datePublished\":\"2026-09-01T11:32:27+00:00\",\"dateModified\":\"2026-09-01T12:43:43+00:00\",\"mainEntityOfPage\":{\"@id\":\"https:\\\/\\\/yoann-conte.com\\\/cremerie-des-marches\\\/\"},\"wordCount\":797,\"image\":{\"@id\":\"https:\\\/\\\/yoann-conte.com\\\/cremerie-des-marches\\\/#primaryimage\"},\"thumbnailUrl\":\"https:\\\/\\\/yoann-conte.com\\\/wp-content\\\/uploads\\\/2026\\\/09\\\/2023_Cr\u251c\u00bfmerie_des_march\u251c\u00aes_@Yohann-24-scaled.jpg\",\"articleSection\":[\"Producteurs\"],\"inLanguage\":\"en-GB\"},{\"@type\":\"WebPage\",\"@id\":\"https:\\\/\\\/yoann-conte.com\\\/cremerie-des-marches\\\/\",\"url\":\"https:\\\/\\\/yoann-conte.com\\\/cremerie-des-marches\\\/\",\"name\":\"Cr\u00e8merie des March\u00e9s - Yoann Conte, un lieu embl\u00e9matique \u00e0 Veyrier-du-lac, o\u00f9 se rencontrent l&#039;\u00e9l\u00e9gance de notre h\u00f4tel 5 \u00e9toiles et la cr\u00e9ativit\u00e9 d\u2019une cuisine gastronomique 2 \u00e9toiles, au c\u0153ur d\u2019un cadre naturel exceptionnel.\",\"isPartOf\":{\"@id\":\"https:\\\/\\\/yoann-conte.com\\\/#website\"},\"primaryImageOfPage\":{\"@id\":\"https:\\\/\\\/yoann-conte.com\\\/cremerie-des-marches\\\/#primaryimage\"},\"image\":{\"@id\":\"https:\\\/\\\/yoann-conte.com\\\/cremerie-des-marches\\\/#primaryimage\"},\"thumbnailUrl\":\"https:\\\/\\\/yoann-conte.com\\\/wp-content\\\/uploads\\\/2026\\\/09\\\/2023_Cr\u251c\u00bfmerie_des_march\u251c\u00aes_@Yohann-24-scaled.jpg\",\"datePublished\":\"2026-09-01T11:32:27+00:00\",\"dateModified\":\"2026-09-01T12:43:43+00:00\",\"author\":{\"@id\":\"https:\\\/\\\/yoann-conte.com\\\/#\\\/schema\\\/person\\\/e6a6a08a8e15dc6ba3174c7012722169\"},\"breadcrumb\":{\"@id\":\"https:\\\/\\\/yoann-conte.com\\\/cremerie-des-marches\\\/#breadcrumb\"},\"inLanguage\":\"en-GB\",\"potentialAction\":[{\"@type\":\"ReadAction\",\"target\":[\"https:\\\/\\\/yoann-conte.com\\\/cremerie-des-marches\\\/\"]}]},{\"@type\":\"ImageObject\",\"inLanguage\":\"en-GB\",\"@id\":\"https:\\\/\\\/yoann-conte.com\\\/cremerie-des-marches\\\/#primaryimage\",\"url\":\"https:\\\/\\\/yoann-conte.com\\\/wp-content\\\/uploads\\\/2026\\\/09\\\/2023_Cr\u251c\u00bfmerie_des_march\u251c\u00aes_@Yohann-24-scaled.jpg\",\"contentUrl\":\"https:\\\/\\\/yoann-conte.com\\\/wp-content\\\/uploads\\\/2026\\\/09\\\/2023_Cr\u251c\u00bfmerie_des_march\u251c\u00aes_@Yohann-24-scaled.jpg\",\"width\":1920,\"height\":2560},{\"@type\":\"BreadcrumbList\",\"@id\":\"https:\\\/\\\/yoann-conte.com\\\/cremerie-des-marches\\\/#breadcrumb\",\"itemListElement\":[{\"@type\":\"ListItem\",\"position\":1,\"name\":\"Accueil\",\"item\":\"https:\\\/\\\/yoann-conte.com\\\/\"},{\"@type\":\"ListItem\",\"position\":2,\"name\":\"Cr\u00e8merie des March\u00e9s\"}]},{\"@type\":\"WebSite\",\"@id\":\"https:\\\/\\\/yoann-conte.com\\\/#website\",\"url\":\"https:\\\/\\\/yoann-conte.com\\\/\",\"name\":\"Yoann Conte, un lieu embl\u00e9matique \u00e0 Veyrier-du-lac, o\u00f9 se rencontrent l&#039;\u00e9l\u00e9gance de notre h\u00f4tel 5 \u00e9toiles et la cr\u00e9ativit\u00e9 d\u2019une cuisine gastronomique 2 \u00e9toiles, au c\u0153ur d\u2019un cadre naturel exceptionnel.\",\"description\":\"Restaurant gastronomique \u00e0 Annecy, Yoann Conte\",\"potentialAction\":[{\"@type\":\"SearchAction\",\"target\":{\"@type\":\"EntryPoint\",\"urlTemplate\":\"https:\\\/\\\/yoann-conte.com\\\/?s={search_term_string}\"},\"query-input\":{\"@type\":\"PropertyValueSpecification\",\"valueRequired\":true,\"valueName\":\"search_term_string\"}}],\"inLanguage\":\"en-GB\"},{\"@type\":\"Person\",\"@id\":\"https:\\\/\\\/yoann-conte.com\\\/#\\\/schema\\\/person\\\/e6a6a08a8e15dc6ba3174c7012722169\",\"name\":\"Marion SEMENOL\",\"image\":{\"@type\":\"ImageObject\",\"inLanguage\":\"en-GB\",\"@id\":\"https:\\\/\\\/secure.gravatar.com\\\/avatar\\\/d96c083a2b88daa57e45c96c0573fa7fbb4b2afff4c465c03e481011cb916fab?s=96&d=mm&r=g\",\"url\":\"https:\\\/\\\/secure.gravatar.com\\\/avatar\\\/d96c083a2b88daa57e45c96c0573fa7fbb4b2afff4c465c03e481011cb916fab?s=96&d=mm&r=g\",\"contentUrl\":\"https:\\\/\\\/secure.gravatar.com\\\/avatar\\\/d96c083a2b88daa57e45c96c0573fa7fbb4b2afff4c465c03e481011cb916fab?s=96&d=mm&r=g\",\"caption\":\"Marion SEMENOL\"},\"url\":\"https:\\\/\\\/yoann-conte.com\\\/en\\\/author\\\/anna\\\/\"}]}<\/script>\n<!-- \/ Yoast SEO plugin. -->","yoast_head_json":{"title":"Cr\u00e8merie des March\u00e9s - Yoann Conte, un lieu embl\u00e9matique \u00e0 Veyrier-du-lac, o\u00f9 se rencontrent l&#039;\u00e9l\u00e9gance de notre h\u00f4tel 5 \u00e9toiles et la cr\u00e9ativit\u00e9 d\u2019une cuisine gastronomique 2 \u00e9toiles, au c\u0153ur d\u2019un cadre naturel exceptionnel.","robots":{"index":"index","follow":"follow","max-snippet":"max-snippet:-1","max-image-preview":"max-image-preview:large","max-video-preview":"max-video-preview:-1"},"canonical":"https:\/\/yoann-conte.com\/en\/cremerie-des-marches\/","og_locale":"en_GB","og_type":"article","og_title":"Cr\u00e8merie des March\u00e9s - Yoann Conte, un lieu embl\u00e9matique \u00e0 Veyrier-du-lac, o\u00f9 se rencontrent l&#039;\u00e9l\u00e9gance de notre h\u00f4tel 5 \u00e9toiles et la cr\u00e9ativit\u00e9 d\u2019une cuisine gastronomique 2 \u00e9toiles, au c\u0153ur d\u2019un cadre naturel exceptionnel.","og_description":"La Cr\u00e8merie des March\u00e9s","og_url":"https:\/\/yoann-conte.com\/en\/cremerie-des-marches\/","og_site_name":"Yoann Conte, un lieu embl\u00e9matique \u00e0 Veyrier-du-lac, o\u00f9 se rencontrent l&#039;\u00e9l\u00e9gance de notre h\u00f4tel 5 \u00e9toiles et la cr\u00e9ativit\u00e9 d\u2019une cuisine gastronomique 2 \u00e9toiles, au c\u0153ur d\u2019un cadre naturel exceptionnel.","article_published_time":"2026-09-01T11:32:27+00:00","article_modified_time":"2026-09-01T12:43:43+00:00","og_image":[{"width":1920,"height":2560,"url":"https:\/\/yoann-conte.com\/wp-content\/uploads\/2026\/09\/2023_Cr\u251c\u00bfmerie_des_march\u251c\u00aes_@Yohann-24-scaled.jpg","type":"image\/jpeg"}],"author":"Marion SEMENOL","twitter_card":"summary_large_image","twitter_misc":{"Written by":"Marion SEMENOL","Estimated reading time":"3 minutes"},"schema":{"@context":"https:\/\/schema.org","@graph":[{"@type":"Article","@id":"https:\/\/yoann-conte.com\/cremerie-des-marches\/#article","isPartOf":{"@id":"https:\/\/yoann-conte.com\/cremerie-des-marches\/"},"author":{"name":"Marion SEMENOL","@id":"https:\/\/yoann-conte.com\/#\/schema\/person\/e6a6a08a8e15dc6ba3174c7012722169"},"headline":"Cr\u00e8merie des March\u00e9s","datePublished":"2026-09-01T11:32:27+00:00","dateModified":"2026-09-01T12:43:43+00:00","mainEntityOfPage":{"@id":"https:\/\/yoann-conte.com\/cremerie-des-marches\/"},"wordCount":797,"image":{"@id":"https:\/\/yoann-conte.com\/cremerie-des-marches\/#primaryimage"},"thumbnailUrl":"https:\/\/yoann-conte.com\/wp-content\/uploads\/2026\/09\/2023_Cr\u251c\u00bfmerie_des_march\u251c\u00aes_@Yohann-24-scaled.jpg","articleSection":["Producteurs"],"inLanguage":"en-GB"},{"@type":"WebPage","@id":"https:\/\/yoann-conte.com\/cremerie-des-marches\/","url":"https:\/\/yoann-conte.com\/cremerie-des-marches\/","name":"Cr\u00e8merie des March\u00e9s - Yoann Conte, un lieu embl\u00e9matique \u00e0 Veyrier-du-lac, o\u00f9 se rencontrent l&#039;\u00e9l\u00e9gance de notre h\u00f4tel 5 \u00e9toiles et la cr\u00e9ativit\u00e9 d\u2019une cuisine gastronomique 2 \u00e9toiles, au c\u0153ur d\u2019un cadre naturel exceptionnel.","isPartOf":{"@id":"https:\/\/yoann-conte.com\/#website"},"primaryImageOfPage":{"@id":"https:\/\/yoann-conte.com\/cremerie-des-marches\/#primaryimage"},"image":{"@id":"https:\/\/yoann-conte.com\/cremerie-des-marches\/#primaryimage"},"thumbnailUrl":"https:\/\/yoann-conte.com\/wp-content\/uploads\/2026\/09\/2023_Cr\u251c\u00bfmerie_des_march\u251c\u00aes_@Yohann-24-scaled.jpg","datePublished":"2026-09-01T11:32:27+00:00","dateModified":"2026-09-01T12:43:43+00:00","author":{"@id":"https:\/\/yoann-conte.com\/#\/schema\/person\/e6a6a08a8e15dc6ba3174c7012722169"},"breadcrumb":{"@id":"https:\/\/yoann-conte.com\/cremerie-des-marches\/#breadcrumb"},"inLanguage":"en-GB","potentialAction":[{"@type":"ReadAction","target":["https:\/\/yoann-conte.com\/cremerie-des-marches\/"]}]},{"@type":"ImageObject","inLanguage":"en-GB","@id":"https:\/\/yoann-conte.com\/cremerie-des-marches\/#primaryimage","url":"https:\/\/yoann-conte.com\/wp-content\/uploads\/2026\/09\/2023_Cr\u251c\u00bfmerie_des_march\u251c\u00aes_@Yohann-24-scaled.jpg","contentUrl":"https:\/\/yoann-conte.com\/wp-content\/uploads\/2026\/09\/2023_Cr\u251c\u00bfmerie_des_march\u251c\u00aes_@Yohann-24-scaled.jpg","width":1920,"height":2560},{"@type":"BreadcrumbList","@id":"https:\/\/yoann-conte.com\/cremerie-des-marches\/#breadcrumb","itemListElement":[{"@type":"ListItem","position":1,"name":"Accueil","item":"https:\/\/yoann-conte.com\/"},{"@type":"ListItem","position":2,"name":"Cr\u00e8merie des March\u00e9s"}]},{"@type":"WebSite","@id":"https:\/\/yoann-conte.com\/#website","url":"https:\/\/yoann-conte.com\/","name":"Yoann Conte, an emblematic location in Veyrier-du-Lac, where the elegance of our 5-star hotel meets the creativity of 2-star gastronomic cuisine, in the heart of an exceptional natural setting.","description":"Gastronomic restaurant in Annecy, Yoann Conte","potentialAction":[{"@type":"SearchAction","target":{"@type":"EntryPoint","urlTemplate":"https:\/\/yoann-conte.com\/?s={search_term_string}"},"query-input":{"@type":"PropertyValueSpecification","valueRequired":true,"valueName":"search_term_string"}}],"inLanguage":"en-GB"},{"@type":"Person","@id":"https:\/\/yoann-conte.com\/#\/schema\/person\/e6a6a08a8e15dc6ba3174c7012722169","name":"Marion SEMENOL","image":{"@type":"ImageObject","inLanguage":"en-GB","@id":"https:\/\/secure.gravatar.com\/avatar\/d96c083a2b88daa57e45c96c0573fa7fbb4b2afff4c465c03e481011cb916fab?s=96&d=mm&r=g","url":"https:\/\/secure.gravatar.com\/avatar\/d96c083a2b88daa57e45c96c0573fa7fbb4b2afff4c465c03e481011cb916fab?s=96&d=mm&r=g","contentUrl":"https:\/\/secure.gravatar.com\/avatar\/d96c083a2b88daa57e45c96c0573fa7fbb4b2afff4c465c03e481011cb916fab?s=96&d=mm&r=g","caption":"Marion SEMENOL"},"url":"https:\/\/yoann-conte.com\/en\/author\/anna\/"}]}},"_links":{"self":[{"href":"https:\/\/yoann-conte.com\/en\/wp-json\/wp\/v2\/posts\/36397","targetHints":{"allow":["GET"]}}],"collection":[{"href":"https:\/\/yoann-conte.com\/en\/wp-json\/wp\/v2\/posts"}],"about":[{"href":"https:\/\/yoann-conte.com\/en\/wp-json\/wp\/v2\/types\/post"}],"author":[{"embeddable":true,"href":"https:\/\/yoann-conte.com\/en\/wp-json\/wp\/v2\/users\/3"}],"replies":[{"embeddable":true,"href":"https:\/\/yoann-conte.com\/en\/wp-json\/wp\/v2\/comments?post=36397"}],"version-history":[{"count":11,"href":"https:\/\/yoann-conte.com\/en\/wp-json\/wp\/v2\/posts\/36397\/revisions"}],"predecessor-version":[{"id":36412,"href":"https:\/\/yoann-conte.com\/en\/wp-json\/wp\/v2\/posts\/36397\/revisions\/36412"}],"wp:featuredmedia":[{"embeddable":true,"href":"https:\/\/yoann-conte.com\/en\/wp-json\/wp\/v2\/media\/36398"}],"wp:attachment":[{"href":"https:\/\/yoann-conte.com\/en\/wp-json\/wp\/v2\/media?parent=36397"}],"wp:term":[{"taxonomy":"category","embeddable":true,"href":"https:\/\/yoann-conte.com\/en\/wp-json\/wp\/v2\/categories?post=36397"},{"taxonomy":"post_tag","embeddable":true,"href":"https:\/\/yoann-conte.com\/en\/wp-json\/wp\/v2\/tags?post=36397"}],"curies":[{"name":"wp","href":"https:\/\/api.w.org\/{rel}","templated":true}]}}