{"id":36383,"date":"2026-09-01T11:31:59","date_gmt":"2026-09-01T09:31:59","guid":{"rendered":"https:\/\/yoann-conte.com\/?p=36383"},"modified":"2026-09-01T11:36:33","modified_gmt":"2026-09-01T09:36:33","slug":"philippe-heritier","status":"publish","type":"post","link":"https:\/\/yoann-conte.com\/en\/philippe-heritier\/","title":{"rendered":"Philippe H\u00e9ritier"},"content":{"rendered":"<div class=\"wpb-content-wrapper\"><div data-vc-full-width=\"true\" data-vc-full-width-init=\"false\" data-vc-stretch-content=\"true\" class=\"vc_row wpb_row vc_row-fluid mpc-row\"><div class=\"wpb_column vc_column_container vc_col-sm-2 mpc-column\" data-column-id=\"mpc_column-466a9a5bbaeda27\"><div class=\"vc_column-inner\"><div class=\"wpb_wrapper\"><\/div><\/div><\/div><div class=\"wpb_column vc_column_container vc_col-sm-8 mpc-column\" data-column-id=\"mpc_column-696a9a5bbaee980\"><div class=\"vc_column-inner\"><div class=\"wpb_wrapper\">\n\t<div class=\"wpb_text_column wpb_content_element\">\n\t\t<div class=\"wpb_wrapper\">\n\t\t\t<p><span style=\"font-size: 14pt; font-family: brandon; color: #999999;\"><a style=\"color: #999999;\" href=\"https:\/\/yoann-conte.com\/producteurs\/\"><span style=\"font-family: bon-vivant-bold;\">&lt; Retour<\/span><\/a><\/span><\/p>\n\n\t\t<\/div>\n\t<\/div>\n<div class=\"vc_empty_space\" style=\"height: 16px\"><span class=\"vc_empty_space_inner\"><\/span><\/div>\n\t<div class=\"wpb_single_image wpb_content_element vc_align_left wpb_content_element\">\n\t\t\n\t\t<figure class=\"wpb_wrapper vc_figure\">\n\t\t\t<div class=\"vc_single_image-wrapper   vc_box_border_grey\"><img loading=\"lazy\" decoding=\"async\" width=\"2100\" height=\"1575\" src=\"https:\/\/yoann-conte.com\/wp-content\/uploads\/2026\/09\/DSF0761.jpg\" class=\"vc_single_image-img attachment-full\" alt=\"\" title=\"_DSF0761\" srcset=\"https:\/\/yoann-conte.com\/wp-content\/uploads\/2026\/09\/DSF0761.jpg 2100w, https:\/\/yoann-conte.com\/wp-content\/uploads\/2026\/09\/DSF0761-1280x960.jpg 1280w, https:\/\/yoann-conte.com\/wp-content\/uploads\/2026\/09\/DSF0761-980x735.jpg 980w, https:\/\/yoann-conte.com\/wp-content\/uploads\/2026\/09\/DSF0761-480x360.jpg 480w\" sizes=\"(min-width: 0px) and (max-width: 480px) 480px, (min-width: 481px) and (max-width: 980px) 980px, (min-width: 981px) and (max-width: 1280px) 1280px, (min-width: 1281px) 2100px, 100vw\"><\/div>\n\t\t<\/figure>\n\t<\/div>\n<\/div><\/div><\/div><div class=\"wpb_column vc_column_container vc_col-sm-2 mpc-column\" data-column-id=\"mpc_column-786a9a5bbaeeaca\"><div class=\"vc_column-inner\"><div class=\"wpb_wrapper\"><\/div><\/div><\/div><\/div><div class=\"vc_row-full-width vc_clearfix\"><\/div><div data-vc-full-width=\"true\" data-vc-full-width-init=\"false\" data-vc-stretch-content=\"true\" class=\"vc_row wpb_row vc_row-fluid vc_custom_1689169309916 vc_row-o-equal-height vc_row-flex mpc-row\"><div class=\"wpb_column vc_column_container vc_col-sm-12 mpc-column\" data-column-id=\"mpc_column-466a9a5bbaf0a20\"><div class=\"vc_column-inner vc_custom_1689173610484\"><div class=\"wpb_wrapper\"><div class=\"vc_row wpb_row vc_inner vc_row-fluid mpc-row\"><div class=\"wpb_column vc_column_container vc_col-sm-2 mpc-column\" data-column-id=\"mpc_column-786a9a5bbaef01f\"><div class=\"vc_column-inner\"><div class=\"wpb_wrapper\"><\/div><\/div><\/div><div class=\"wpb_column vc_column_container vc_col-sm-8 mpc-column\" data-column-id=\"mpc_column-566a9a5bbaef47c\"><div class=\"vc_column-inner\"><div class=\"wpb_wrapper\">\n\t<div class=\"wpb_text_column wpb_content_element\">\n\t\t<div class=\"wpb_wrapper\">\n\t\t\t<h1 class=\"detailActuTitre\" style=\"text-align: center;\"><span style=\"font-size: 36pt; font-family: bon-vivant-bold;\">Philippe H&eacute;ritier<\/span><\/h1>\n\n\t\t<\/div>\n\t<\/div>\n\n\t<div class=\"wpb_text_column wpb_content_element\">\n\t\t<div class=\"wpb_wrapper\">\n\t\t\t<p style=\"text-align: center;\"><span style=\"font-family: brandon; font-size: 14pt;\">En 2007, Philippe H&eacute;ritier a quitt&eacute; son poste de cadre bancaire pour cr&eacute;er le Domaine des Orchis. Depuis, il produit des vins de Savoie et &eacute;l&egrave;ve 300 000 escargots. Oui, c&rsquo;est possible ! &laquo; Durant toute mon enfance, j&rsquo;accompagnais mon grand-p&egrave;re maternel dans ses vignes &agrave; Frangy. J&rsquo;ai voulu red&eacute;velopper ce territoire. &raquo; Et de planter des vignes bio pour produire altesse et mondeuse en biodynamie. L&rsquo;histoire aurait pu s&rsquo;arr&ecirc;ter l&agrave;. Mais son p&egrave;re &eacute;tait h&eacute;liciculteur. &laquo; Je me devais de faire perdurer son excellent savoir-faire ! &raquo; Il se lance donc, parall&egrave;lement, dans cette deuxi&egrave;me aventure. Un travail de titan. Les r&eacute;coltes, raisins et gast&eacute;ropodes, se font &agrave; la main, en septembre. Aid&eacute; par sa famille, il ne regrette pas son choix. M&ecirc;me, les deux activit&eacute;s se marient commercialement tr&egrave;s bien.<\/span><\/p>\n\n\t\t<\/div>\n\t<\/div>\n<div class=\"vc_btn3-container vc_btn3-center vc_do_btn\"><a class=\"vc_general vc_btn3 vc_btn3-size-md vc_btn3-shape-rounded vc_btn3-style-modern vc_btn3-color-black\" href=\"https:\/\/domainedesorchis.fr\/accueil\/\" title=\"\" target=\"_blank\">Visiter leur site<\/a><\/div><\/div><\/div><\/div><div class=\"wpb_column vc_column_container vc_col-sm-2 mpc-column\" data-column-id=\"mpc_column-566a9a5bbaef580\"><div class=\"vc_column-inner\"><div class=\"wpb_wrapper\"><\/div><\/div><\/div><\/div><div class=\"vc_empty_space\" style=\"height: 32px\"><span class=\"vc_empty_space_inner\"><\/span><\/div><div class=\"vc_row wpb_row vc_inner vc_row-fluid mpc-row\"><div class=\"wpb_column vc_column_container vc_col-sm-2 mpc-column\" data-column-id=\"mpc_column-286a9a5bbaef85f\"><div class=\"vc_column-inner\"><div class=\"wpb_wrapper\"><\/div><\/div><\/div><div class=\"wpb_column vc_column_container vc_col-sm-4 mpc-column\" data-column-id=\"mpc_column-346a9a5bbaefafc\"><div class=\"vc_column-inner\"><div class=\"wpb_wrapper\"><div class=\"vc_empty_space\" style=\"height: 30px\"><span class=\"vc_empty_space_inner\"><\/span><\/div>\n\t<div class=\"wpb_text_column wpb_content_element\">\n\t\t<div class=\"wpb_wrapper\">\n\t\t\t<p><span style=\"font-family: brandon; font-size: 14pt;\"><span style=\"font-family: bon-vivant-serif; font-size: 24pt;\">L<\/span>&rsquo;&eacute;levage des escargots s&rsquo;inscrit chez Philippe H&eacute;ritier dans la continuit&eacute; d&rsquo;une tradition <strong>Familiale<\/strong> et d&rsquo;un attachement profond &agrave; la <strong>Terre<strong>. <\/strong><\/strong>Il &eacute;l&egrave;ve des Gros Gris avec la m&ecirc;me <strong><strong><strong>Patience<strong>, <\/strong><\/strong><\/strong><\/strong>la m&ecirc;me <strong><strong><strong><strong><strong>Pr&eacute;cision<\/strong><\/strong><\/strong><\/strong><\/strong> et la m&ecirc;me <strong><strong><strong><strong><strong><strong><strong>Exigence<\/strong><\/strong><\/strong><\/strong><\/strong><\/strong><\/strong> que celles qu&rsquo;il accorde &agrave; ses vignes.<\/span><\/p>\n<p><span style=\"font-family: brandon; font-size: 14pt;\">Au c&oelig;ur du domaine, ses escargots grandissent dans un environnement pens&eacute; pour respecter leur rythme naturel. Le sol est conduit en <strong>biodynamie<\/strong>, dans une recherche permanente d&rsquo;&eacute;quilibre entre la terre, les plantes et le vivant. Une philosophie qui rejoint naturellement celle qui guide son travail dans les vignes : observer, accompagner et intervenir avec justesse.<\/span><\/p>\n<p><span style=\"font-family: brandon; font-size: 14pt;\">Rien ne se perd dans cette d&eacute;marche. Apr&egrave;s pr&eacute;paration, les coquilles sont compost&eacute;es directement sur place et retournent &agrave; la terre. Elles viennent ainsi nourrir un <strong>cycle<\/strong> <strong>vivant<\/strong> et <strong>vertueux<\/strong>, o&ugrave; l&rsquo;&eacute;levage et le travail du sol se r&eacute;pondent.<\/span><\/p>\n<p><span style=\"font-size: 14pt; font-family: brandon;\">Cette <strong>attention<\/strong> port&eacute;e &agrave; chaque &eacute;tape donne naissance &agrave; des escargots &agrave; la chair <strong>tendre<\/strong>, <strong>d&eacute;licate<\/strong> et d&rsquo;une grande <strong>finesse<\/strong>. Leur qualit&eacute; est aujourd&rsquo;hui reconnue dans la r&eacute;gion.<\/span><\/p>\n<p><span style=\"font-size: 14pt; font-family: brandon;\">Philippe ne se contente pas de les &eacute;lever. Il les <strong>cuisine<\/strong> &eacute;galement sur place, avec la m&ecirc;me<strong> rigueur<\/strong> qu&rsquo;il apporte &agrave; l&rsquo;ensemble de son travail : une s&eacute;lection pr&eacute;cise, une pr&eacute;paration soign&eacute;e et une recherche constante du juste &eacute;quilibre des saveurs.<\/span><\/p>\n<p><span style=\"font-size: 14pt; font-family: brandon;\">De la <strong>terre<\/strong> &agrave; <strong>l&rsquo;assiette<\/strong>, son &eacute;levage raconte finalement la m&ecirc;me histoire que ses vignes : celle d&rsquo;un homme attach&eacute; &agrave; son <strong>terroir<\/strong>, aux <strong>gestes<\/strong> transmis et au <strong>respect du vivant<\/strong>, qui pr&eacute;f&egrave;re prendre le temps de bien faire pour r&eacute;v&eacute;ler toute la <strong>qualit&eacute;<\/strong> d&rsquo;un produit.<\/span><\/p>\n\n\t\t<\/div>\n\t<\/div>\n<\/div><\/div><\/div><div class=\"wpb_column vc_column_container vc_col-sm-4 mpc-column\" data-column-id=\"mpc_column-616a9a5bbaf05d8\"><div class=\"vc_column-inner\"><div class=\"wpb_wrapper\">\n\t<div class=\"wpb_single_image wpb_content_element vc_align_left wpb_content_element\">\n\t\t\n\t\t<figure class=\"wpb_wrapper vc_figure\">\n\t\t\t<div class=\"vc_single_image-wrapper   vc_box_border_grey\"><img loading=\"lazy\" decoding=\"async\" width=\"1080\" height=\"1920\" src=\"https:\/\/yoann-conte.com\/wp-content\/uploads\/2026\/09\/PHILIPPE-HERITIER-.png\" class=\"vc_single_image-img attachment-full\" alt=\"\" title=\"PHILIPPE H&Eacute;RITIER\" srcset=\"https:\/\/yoann-conte.com\/wp-content\/uploads\/2026\/09\/PHILIPPE-HERITIER-.png 1080w, https:\/\/yoann-conte.com\/wp-content\/uploads\/2026\/09\/PHILIPPE-HERITIER--980x1742.png 980w, https:\/\/yoann-conte.com\/wp-content\/uploads\/2026\/09\/PHILIPPE-HERITIER--480x853.png 480w\" sizes=\"(min-width: 0px) and (max-width: 480px) 480px, (min-width: 481px) and (max-width: 980px) 980px, (min-width: 981px) 1080px, 100vw\"><\/div>\n\t\t<\/figure>\n\t<\/div>\n<\/div><\/div><\/div><div class=\"wpb_column vc_column_container vc_col-sm-2 mpc-column\" data-column-id=\"mpc_column-136a9a5bbaf06c3\"><div class=\"vc_column-inner\"><div class=\"wpb_wrapper\"><\/div><\/div><\/div><\/div><div class=\"vc_empty_space\" style=\"height: 50px\"><span class=\"vc_empty_space_inner\"><\/span><\/div><\/div><\/div><\/div><\/div><div class=\"vc_row-full-width vc_clearfix\"><\/div><div data-vc-full-width=\"true\" data-vc-full-width-init=\"false\" data-vc-stretch-content=\"true\" class=\"vc_row wpb_row vc_row-fluid vc_custom_1711641174479 mpc-row\" data-row-id=\"mpc_row-56a9a5bbaf2363\"><div class=\"mpc-overlay mpc-overlay--first\" data-speed=\"25\"><\/div><div class=\"wpb_column vc_column_container vc_col-sm-12 mpc-column\" data-column-id=\"mpc_column-276a9a5bbaf2260\"><div class=\"vc_column-inner\"><div class=\"wpb_wrapper\"><div class=\"vc_row wpb_row vc_inner vc_row-fluid mpc-row\"><div class=\"wpb_column vc_column_container vc_col-sm-2 mpc-column\" data-column-id=\"mpc_column-256a9a5bbaf1079\"><div class=\"vc_column-inner\"><div class=\"wpb_wrapper\"><\/div><\/div><\/div><div class=\"wpb_column vc_column_container vc_col-sm-4 mpc-column\" data-column-id=\"mpc_column-766a9a5bbaf1b72\"><div class=\"vc_column-inner\"><div class=\"wpb_wrapper\"><div class=\"vc_empty_space\" style=\"height: 32px\"><span class=\"vc_empty_space_inner\"><\/span><\/div>\n\t<div class=\"wpb_single_image wpb_content_element vc_align_left wpb_content_element\">\n\t\t\n\t\t<figure class=\"wpb_wrapper vc_figure\">\n\t\t\t<div class=\"vc_single_image-wrapper   vc_box_border_grey\"><img loading=\"lazy\" decoding=\"async\" width=\"2560\" height=\"1920\" src=\"https:\/\/yoann-conte.com\/wp-content\/uploads\/2026\/09\/DSF0728-scaled.jpg\" class=\"vc_single_image-img attachment-full\" alt=\"\" title=\"_DSF0728\" srcset=\"https:\/\/yoann-conte.com\/wp-content\/uploads\/2026\/09\/DSF0728-scaled.jpg 2560w, https:\/\/yoann-conte.com\/wp-content\/uploads\/2026\/09\/DSF0728-1280x960.jpg 1280w, https:\/\/yoann-conte.com\/wp-content\/uploads\/2026\/09\/DSF0728-980x735.jpg 980w, https:\/\/yoann-conte.com\/wp-content\/uploads\/2026\/09\/DSF0728-480x360.jpg 480w\" sizes=\"(min-width: 0px) and (max-width: 480px) 480px, (min-width: 481px) and (max-width: 980px) 980px, (min-width: 981px) and (max-width: 1280px) 1280px, (min-width: 1281px) 2560px, 100vw\"><\/div>\n\t\t<\/figure>\n\t<\/div>\n<\/div><\/div><\/div><div class=\"wpb_column vc_column_container vc_col-sm-4 mpc-column\" data-column-id=\"mpc_column-726a9a5bbaf1ef7\"><div class=\"vc_column-inner\"><div class=\"wpb_wrapper\"><div class=\"vc_empty_space\" style=\"height: 50px\"><span class=\"vc_empty_space_inner\"><\/span><\/div>\n\t<div class=\"wpb_text_column wpb_content_element\">\n\t\t<div class=\"wpb_wrapper\">\n\t\t\t<p style=\"text-align: center;\"><span style=\"color: #ffffff;\"><strong><span style=\"font-size: 24pt; font-family: bon-vivant-serif;\"><em>Une collaboration&hellip;<\/em><\/span><\/strong><\/span><\/p>\n\n\t\t<\/div>\n\t<\/div>\n\n\t<div class=\"wpb_text_column wpb_content_element\">\n\t\t<div class=\"wpb_wrapper\">\n\t\t\t<div class=\"flex-1 overflow-hidden\">\n<div class=\"react-scroll-to-bottom--css-wzmei-79elbk h-full\">\n<div class=\"react-scroll-to-bottom--css-wzmei-1n7m0yu\">\n<div class=\"flex flex-col text-sm pb-9\">\n<div class=\"w-full text-token-text-primary\" data-testid=\"conversation-turn-40\">\n<div class=\"px-4 py-2 justify-center text-base md:gap-6 m-auto\">\n<div class=\"flex flex-1 text-base mx-auto gap-3 md:px-5 lg:px-1 xl:px-5 md:max-w-3xl lg:max-w-[40rem] xl:max-w-[48rem] group final-completion\">\n<div class=\"relative flex w-full flex-col agent-turn\">\n<div class=\"flex-col gap-1 md:gap-3\">\n<div class=\"flex flex-grow flex-col max-w-full\">\n<div class=\"min-h-[20px] text-message flex flex-col items-start gap-3 whitespace-pre-wrap break-words [.text-message+&amp;]:mt-5 overflow-x-auto\" data-message-author-role=\"assistant\" data-message-id=\"88be0cf0-d1b6-4925-9aa9-e57cfd234dfa\">\n<div class=\"markdown prose w-full break-words dark:prose-invert light\">\n<p style=\"text-align: justify;\"><span style=\"font-family: brandon; font-size: 14pt; color: #ffffff;\">La rencontre entre Philippe H&eacute;ritier et le chef Yoann Conte est n&eacute;e d&rsquo;une m&ecirc;me passion pour le terroir et les produits d&rsquo;exception. S&eacute;duit par la finesse des Gros Gris du Domaine des Orchis, le chef les sublime dans sa cuisine avec cr&eacute;ativit&eacute; et pr&eacute;cision.<\/span><\/p>\n<p style=\"text-align: justify;\"><span style=\"font-family: brandon; font-size: 14pt; color: #ffffff;\">Une collaboration fond&eacute;e sur la confiance et une exigence commune : respecter le produit, de la terre jusqu&rsquo;&agrave; l&rsquo;assiette.<\/span><\/p>\n<\/div>\n<\/div>\n<\/div>\n<div class=\"mt-1 flex justify-start gap-3 empty:hidden\" style=\"text-align: justify;\">\n<div class=\"text-gray-400 flex self-end lg:self-center items-center justify-center lg:justify-start mt-0 -ml-1 h-7 gap-[2px] visible\">\n<div class=\"flex\"><\/div>\n<\/div>\n<\/div>\n<div class=\"pr-2 lg:pr-0\" style=\"text-align: justify;\"><\/div>\n<\/div>\n<div class=\"absolute\" style=\"text-align: justify;\">\n<div class=\"flex w-full gap-2 items-center justify-center\"><\/div>\n<\/div>\n<\/div>\n<\/div>\n<\/div>\n<\/div>\n<\/div>\n<\/div>\n<\/div>\n<\/div>\n<div class=\"w-full pt-2 md:pt-0 dark:border-white\/20 md:border-transparent md:dark:border-transparent md:w-[calc(100%-.5rem)]\">\n<form class=\"stretch mx-2 flex flex-row gap-3 last:mb-2 md:mx-4 md:last:mb-6 lg:mx-auto lg:max-w-2xl xl:max-w-3xl\">\n<div class=\"relative flex h-full flex-1 flex-col\">\n<div class=\"absolute bottom-full left-0 right-0\" style=\"text-align: justify;\"><\/div>\n<div class=\"flex w-full items-center\" style=\"text-align: justify;\"><\/div>\n<\/div>\n<\/form>\n<\/div>\n\n\t\t<\/div>\n\t<\/div>\n<\/div><\/div><\/div><div class=\"wpb_column vc_column_container vc_col-sm-2 mpc-column\" data-column-id=\"mpc_column-316a9a5bbaf2004\"><div class=\"vc_column-inner\"><div class=\"wpb_wrapper\"><\/div><\/div><\/div><\/div><\/div><\/div><\/div><\/div><div class=\"vc_row-full-width vc_clearfix\"><\/div>\n<\/div>","protected":false},"excerpt":{"rendered":"<p style=\"text-align: center;\">for the Desert Wells Association.<\/p>","protected":false},"author":3,"featured_media":36384,"comment_status":"closed","ping_status":"closed","sticky":false,"template":"","format":"standard","meta":{"_et_pb_use_builder":"","_et_pb_old_content":"","_et_gb_content_width":"","inline_featured_image":false,"footnotes":""},"categories":[49],"tags":[],"class_list":["post-36383","post","type-post","status-publish","format-standard","has-post-thumbnail","hentry","category-producteurs"],"yoast_head":"<!-- This site is optimized with the Yoast SEO plugin v28.4 - https:\/\/yoast.com\/product\/yoast-seo-wordpress\/ -->\n<title>Philippe H\u00e9ritier - Yoann Conte, un lieu embl\u00e9matique \u00e0 Veyrier-du-lac, o\u00f9 se rencontrent l&#039;\u00e9l\u00e9gance de notre h\u00f4tel 5 \u00e9toiles et la cr\u00e9ativit\u00e9 d\u2019une cuisine gastronomique 2 \u00e9toiles, au c\u0153ur d\u2019un cadre naturel exceptionnel.<\/title>\n<meta name=\"robots\" content=\"index, follow, max-snippet:-1, max-image-preview:large, max-video-preview:-1\" \/>\n<link rel=\"canonical\" href=\"https:\/\/yoann-conte.com\/en\/philippe-heritier\/\" \/>\n<meta property=\"og:locale\" content=\"en_GB\" \/>\n<meta property=\"og:type\" content=\"article\" \/>\n<meta property=\"og:title\" content=\"Philippe H\u00e9ritier - Yoann Conte, un lieu embl\u00e9matique \u00e0 Veyrier-du-lac, o\u00f9 se rencontrent l&#039;\u00e9l\u00e9gance de notre h\u00f4tel 5 \u00e9toiles et la cr\u00e9ativit\u00e9 d\u2019une cuisine gastronomique 2 \u00e9toiles, au c\u0153ur d\u2019un cadre naturel exceptionnel.\" \/>\n<meta property=\"og:description\" content=\"pour l\u2019Association Les Puits du D\u00e9sert.\" \/>\n<meta property=\"og:url\" content=\"https:\/\/yoann-conte.com\/en\/philippe-heritier\/\" \/>\n<meta property=\"og:site_name\" content=\"Yoann Conte, un lieu embl\u00e9matique \u00e0 Veyrier-du-lac, o\u00f9 se rencontrent l&#039;\u00e9l\u00e9gance de notre h\u00f4tel 5 \u00e9toiles et la cr\u00e9ativit\u00e9 d\u2019une cuisine gastronomique 2 \u00e9toiles, au c\u0153ur d\u2019un cadre naturel exceptionnel.\" \/>\n<meta property=\"article:published_time\" content=\"2026-09-01T09:31:59+00:00\" \/>\n<meta property=\"article:modified_time\" content=\"2026-09-01T09:36:33+00:00\" \/>\n<meta property=\"og:image\" content=\"https:\/\/yoann-conte.com\/wp-content\/uploads\/2026\/09\/DSF0761.jpg\" \/>\n\t<meta property=\"og:image:width\" content=\"2100\" \/>\n\t<meta property=\"og:image:height\" content=\"1575\" \/>\n\t<meta property=\"og:image:type\" content=\"image\/jpeg\" \/>\n<meta name=\"author\" content=\"Marion SEMENOL\" \/>\n<meta name=\"twitter:card\" content=\"summary_large_image\" \/>\n<meta name=\"twitter:label1\" content=\"Written by\" \/>\n\t<meta name=\"twitter:data1\" content=\"Marion SEMENOL\" \/>\n\t<meta name=\"twitter:label2\" content=\"Estimated reading time\" \/>\n\t<meta name=\"twitter:data2\" content=\"3 minutes\" \/>\n<script type=\"application\/ld+json\" class=\"yoast-schema-graph\">{\"@context\":\"https:\\\/\\\/schema.org\",\"@graph\":[{\"@type\":\"Article\",\"@id\":\"https:\\\/\\\/yoann-conte.com\\\/philippe-heritier\\\/#article\",\"isPartOf\":{\"@id\":\"https:\\\/\\\/yoann-conte.com\\\/philippe-heritier\\\/\"},\"author\":{\"name\":\"Marion SEMENOL\",\"@id\":\"https:\\\/\\\/yoann-conte.com\\\/#\\\/schema\\\/person\\\/e6a6a08a8e15dc6ba3174c7012722169\"},\"headline\":\"Philippe H\u00e9ritier\",\"datePublished\":\"2026-09-01T09:31:59+00:00\",\"dateModified\":\"2026-09-01T09:36:33+00:00\",\"mainEntityOfPage\":{\"@id\":\"https:\\\/\\\/yoann-conte.com\\\/philippe-heritier\\\/\"},\"wordCount\":811,\"image\":{\"@id\":\"https:\\\/\\\/yoann-conte.com\\\/philippe-heritier\\\/#primaryimage\"},\"thumbnailUrl\":\"https:\\\/\\\/yoann-conte.com\\\/wp-content\\\/uploads\\\/2026\\\/09\\\/DSF0761.jpg\",\"articleSection\":[\"Producteurs\"],\"inLanguage\":\"en-GB\"},{\"@type\":\"WebPage\",\"@id\":\"https:\\\/\\\/yoann-conte.com\\\/philippe-heritier\\\/\",\"url\":\"https:\\\/\\\/yoann-conte.com\\\/philippe-heritier\\\/\",\"name\":\"Philippe H\u00e9ritier - Yoann Conte, un lieu embl\u00e9matique \u00e0 Veyrier-du-lac, o\u00f9 se rencontrent l&#039;\u00e9l\u00e9gance de notre h\u00f4tel 5 \u00e9toiles et la cr\u00e9ativit\u00e9 d\u2019une cuisine gastronomique 2 \u00e9toiles, au c\u0153ur d\u2019un cadre naturel exceptionnel.\",\"isPartOf\":{\"@id\":\"https:\\\/\\\/yoann-conte.com\\\/#website\"},\"primaryImageOfPage\":{\"@id\":\"https:\\\/\\\/yoann-conte.com\\\/philippe-heritier\\\/#primaryimage\"},\"image\":{\"@id\":\"https:\\\/\\\/yoann-conte.com\\\/philippe-heritier\\\/#primaryimage\"},\"thumbnailUrl\":\"https:\\\/\\\/yoann-conte.com\\\/wp-content\\\/uploads\\\/2026\\\/09\\\/DSF0761.jpg\",\"datePublished\":\"2026-09-01T09:31:59+00:00\",\"dateModified\":\"2026-09-01T09:36:33+00:00\",\"author\":{\"@id\":\"https:\\\/\\\/yoann-conte.com\\\/#\\\/schema\\\/person\\\/e6a6a08a8e15dc6ba3174c7012722169\"},\"breadcrumb\":{\"@id\":\"https:\\\/\\\/yoann-conte.com\\\/philippe-heritier\\\/#breadcrumb\"},\"inLanguage\":\"en-GB\",\"potentialAction\":[{\"@type\":\"ReadAction\",\"target\":[\"https:\\\/\\\/yoann-conte.com\\\/philippe-heritier\\\/\"]}]},{\"@type\":\"ImageObject\",\"inLanguage\":\"en-GB\",\"@id\":\"https:\\\/\\\/yoann-conte.com\\\/philippe-heritier\\\/#primaryimage\",\"url\":\"https:\\\/\\\/yoann-conte.com\\\/wp-content\\\/uploads\\\/2026\\\/09\\\/DSF0761.jpg\",\"contentUrl\":\"https:\\\/\\\/yoann-conte.com\\\/wp-content\\\/uploads\\\/2026\\\/09\\\/DSF0761.jpg\",\"width\":2100,\"height\":1575},{\"@type\":\"BreadcrumbList\",\"@id\":\"https:\\\/\\\/yoann-conte.com\\\/philippe-heritier\\\/#breadcrumb\",\"itemListElement\":[{\"@type\":\"ListItem\",\"position\":1,\"name\":\"Accueil\",\"item\":\"https:\\\/\\\/yoann-conte.com\\\/\"},{\"@type\":\"ListItem\",\"position\":2,\"name\":\"Philippe H\u00e9ritier\"}]},{\"@type\":\"WebSite\",\"@id\":\"https:\\\/\\\/yoann-conte.com\\\/#website\",\"url\":\"https:\\\/\\\/yoann-conte.com\\\/\",\"name\":\"Yoann Conte, un lieu embl\u00e9matique \u00e0 Veyrier-du-lac, o\u00f9 se rencontrent l&#039;\u00e9l\u00e9gance de notre h\u00f4tel 5 \u00e9toiles et la cr\u00e9ativit\u00e9 d\u2019une cuisine gastronomique 2 \u00e9toiles, au c\u0153ur d\u2019un cadre naturel exceptionnel.\",\"description\":\"Restaurant gastronomique \u00e0 Annecy, Yoann Conte\",\"potentialAction\":[{\"@type\":\"SearchAction\",\"target\":{\"@type\":\"EntryPoint\",\"urlTemplate\":\"https:\\\/\\\/yoann-conte.com\\\/?s={search_term_string}\"},\"query-input\":{\"@type\":\"PropertyValueSpecification\",\"valueRequired\":true,\"valueName\":\"search_term_string\"}}],\"inLanguage\":\"en-GB\"},{\"@type\":\"Person\",\"@id\":\"https:\\\/\\\/yoann-conte.com\\\/#\\\/schema\\\/person\\\/e6a6a08a8e15dc6ba3174c7012722169\",\"name\":\"Marion SEMENOL\",\"image\":{\"@type\":\"ImageObject\",\"inLanguage\":\"en-GB\",\"@id\":\"https:\\\/\\\/secure.gravatar.com\\\/avatar\\\/d96c083a2b88daa57e45c96c0573fa7fbb4b2afff4c465c03e481011cb916fab?s=96&d=mm&r=g\",\"url\":\"https:\\\/\\\/secure.gravatar.com\\\/avatar\\\/d96c083a2b88daa57e45c96c0573fa7fbb4b2afff4c465c03e481011cb916fab?s=96&d=mm&r=g\",\"contentUrl\":\"https:\\\/\\\/secure.gravatar.com\\\/avatar\\\/d96c083a2b88daa57e45c96c0573fa7fbb4b2afff4c465c03e481011cb916fab?s=96&d=mm&r=g\",\"caption\":\"Marion SEMENOL\"},\"url\":\"https:\\\/\\\/yoann-conte.com\\\/en\\\/author\\\/anna\\\/\"}]}<\/script>\n<!-- \/ Yoast SEO plugin. -->","yoast_head_json":{"title":"Philippe H\u00e9ritier - Yoann Conte, un lieu embl\u00e9matique \u00e0 Veyrier-du-lac, o\u00f9 se rencontrent l&#039;\u00e9l\u00e9gance de notre h\u00f4tel 5 \u00e9toiles et la cr\u00e9ativit\u00e9 d\u2019une cuisine gastronomique 2 \u00e9toiles, au c\u0153ur d\u2019un cadre naturel exceptionnel.","robots":{"index":"index","follow":"follow","max-snippet":"max-snippet:-1","max-image-preview":"max-image-preview:large","max-video-preview":"max-video-preview:-1"},"canonical":"https:\/\/yoann-conte.com\/en\/philippe-heritier\/","og_locale":"en_GB","og_type":"article","og_title":"Philippe H\u00e9ritier - Yoann Conte, un lieu embl\u00e9matique \u00e0 Veyrier-du-lac, o\u00f9 se rencontrent l&#039;\u00e9l\u00e9gance de notre h\u00f4tel 5 \u00e9toiles et la cr\u00e9ativit\u00e9 d\u2019une cuisine gastronomique 2 \u00e9toiles, au c\u0153ur d\u2019un cadre naturel exceptionnel.","og_description":"pour l\u2019Association Les Puits du D\u00e9sert.","og_url":"https:\/\/yoann-conte.com\/en\/philippe-heritier\/","og_site_name":"Yoann Conte, un lieu embl\u00e9matique \u00e0 Veyrier-du-lac, o\u00f9 se rencontrent l&#039;\u00e9l\u00e9gance de notre h\u00f4tel 5 \u00e9toiles et la cr\u00e9ativit\u00e9 d\u2019une cuisine gastronomique 2 \u00e9toiles, au c\u0153ur d\u2019un cadre naturel exceptionnel.","article_published_time":"2026-09-01T09:31:59+00:00","article_modified_time":"2026-09-01T09:36:33+00:00","og_image":[{"width":2100,"height":1575,"url":"https:\/\/yoann-conte.com\/wp-content\/uploads\/2026\/09\/DSF0761.jpg","type":"image\/jpeg"}],"author":"Marion SEMENOL","twitter_card":"summary_large_image","twitter_misc":{"Written by":"Marion SEMENOL","Estimated reading time":"3 minutes"},"schema":{"@context":"https:\/\/schema.org","@graph":[{"@type":"Article","@id":"https:\/\/yoann-conte.com\/philippe-heritier\/#article","isPartOf":{"@id":"https:\/\/yoann-conte.com\/philippe-heritier\/"},"author":{"name":"Marion SEMENOL","@id":"https:\/\/yoann-conte.com\/#\/schema\/person\/e6a6a08a8e15dc6ba3174c7012722169"},"headline":"Philippe H\u00e9ritier","datePublished":"2026-09-01T09:31:59+00:00","dateModified":"2026-09-01T09:36:33+00:00","mainEntityOfPage":{"@id":"https:\/\/yoann-conte.com\/philippe-heritier\/"},"wordCount":811,"image":{"@id":"https:\/\/yoann-conte.com\/philippe-heritier\/#primaryimage"},"thumbnailUrl":"https:\/\/yoann-conte.com\/wp-content\/uploads\/2026\/09\/DSF0761.jpg","articleSection":["Producteurs"],"inLanguage":"en-GB"},{"@type":"WebPage","@id":"https:\/\/yoann-conte.com\/philippe-heritier\/","url":"https:\/\/yoann-conte.com\/philippe-heritier\/","name":"Philippe H\u00e9ritier - Yoann Conte, un lieu embl\u00e9matique \u00e0 Veyrier-du-lac, o\u00f9 se rencontrent l&#039;\u00e9l\u00e9gance de notre h\u00f4tel 5 \u00e9toiles et la cr\u00e9ativit\u00e9 d\u2019une cuisine gastronomique 2 \u00e9toiles, au c\u0153ur d\u2019un cadre naturel exceptionnel.","isPartOf":{"@id":"https:\/\/yoann-conte.com\/#website"},"primaryImageOfPage":{"@id":"https:\/\/yoann-conte.com\/philippe-heritier\/#primaryimage"},"image":{"@id":"https:\/\/yoann-conte.com\/philippe-heritier\/#primaryimage"},"thumbnailUrl":"https:\/\/yoann-conte.com\/wp-content\/uploads\/2026\/09\/DSF0761.jpg","datePublished":"2026-09-01T09:31:59+00:00","dateModified":"2026-09-01T09:36:33+00:00","author":{"@id":"https:\/\/yoann-conte.com\/#\/schema\/person\/e6a6a08a8e15dc6ba3174c7012722169"},"breadcrumb":{"@id":"https:\/\/yoann-conte.com\/philippe-heritier\/#breadcrumb"},"inLanguage":"en-GB","potentialAction":[{"@type":"ReadAction","target":["https:\/\/yoann-conte.com\/philippe-heritier\/"]}]},{"@type":"ImageObject","inLanguage":"en-GB","@id":"https:\/\/yoann-conte.com\/philippe-heritier\/#primaryimage","url":"https:\/\/yoann-conte.com\/wp-content\/uploads\/2026\/09\/DSF0761.jpg","contentUrl":"https:\/\/yoann-conte.com\/wp-content\/uploads\/2026\/09\/DSF0761.jpg","width":2100,"height":1575},{"@type":"BreadcrumbList","@id":"https:\/\/yoann-conte.com\/philippe-heritier\/#breadcrumb","itemListElement":[{"@type":"ListItem","position":1,"name":"Accueil","item":"https:\/\/yoann-conte.com\/"},{"@type":"ListItem","position":2,"name":"Philippe H\u00e9ritier"}]},{"@type":"WebSite","@id":"https:\/\/yoann-conte.com\/#website","url":"https:\/\/yoann-conte.com\/","name":"Yoann Conte, an emblematic location in Veyrier-du-Lac, where the elegance of our 5-star hotel meets the creativity of 2-star gastronomic cuisine, in the heart of an exceptional natural setting.","description":"Gastronomic restaurant in Annecy, Yoann Conte","potentialAction":[{"@type":"SearchAction","target":{"@type":"EntryPoint","urlTemplate":"https:\/\/yoann-conte.com\/?s={search_term_string}"},"query-input":{"@type":"PropertyValueSpecification","valueRequired":true,"valueName":"search_term_string"}}],"inLanguage":"en-GB"},{"@type":"Person","@id":"https:\/\/yoann-conte.com\/#\/schema\/person\/e6a6a08a8e15dc6ba3174c7012722169","name":"Marion SEMENOL","image":{"@type":"ImageObject","inLanguage":"en-GB","@id":"https:\/\/secure.gravatar.com\/avatar\/d96c083a2b88daa57e45c96c0573fa7fbb4b2afff4c465c03e481011cb916fab?s=96&d=mm&r=g","url":"https:\/\/secure.gravatar.com\/avatar\/d96c083a2b88daa57e45c96c0573fa7fbb4b2afff4c465c03e481011cb916fab?s=96&d=mm&r=g","contentUrl":"https:\/\/secure.gravatar.com\/avatar\/d96c083a2b88daa57e45c96c0573fa7fbb4b2afff4c465c03e481011cb916fab?s=96&d=mm&r=g","caption":"Marion SEMENOL"},"url":"https:\/\/yoann-conte.com\/en\/author\/anna\/"}]}},"_links":{"self":[{"href":"https:\/\/yoann-conte.com\/en\/wp-json\/wp\/v2\/posts\/36383","targetHints":{"allow":["GET"]}}],"collection":[{"href":"https:\/\/yoann-conte.com\/en\/wp-json\/wp\/v2\/posts"}],"about":[{"href":"https:\/\/yoann-conte.com\/en\/wp-json\/wp\/v2\/types\/post"}],"author":[{"embeddable":true,"href":"https:\/\/yoann-conte.com\/en\/wp-json\/wp\/v2\/users\/3"}],"replies":[{"embeddable":true,"href":"https:\/\/yoann-conte.com\/en\/wp-json\/wp\/v2\/comments?post=36383"}],"version-history":[{"count":10,"href":"https:\/\/yoann-conte.com\/en\/wp-json\/wp\/v2\/posts\/36383\/revisions"}],"predecessor-version":[{"id":36396,"href":"https:\/\/yoann-conte.com\/en\/wp-json\/wp\/v2\/posts\/36383\/revisions\/36396"}],"wp:featuredmedia":[{"embeddable":true,"href":"https:\/\/yoann-conte.com\/en\/wp-json\/wp\/v2\/media\/36384"}],"wp:attachment":[{"href":"https:\/\/yoann-conte.com\/en\/wp-json\/wp\/v2\/media?parent=36383"}],"wp:term":[{"taxonomy":"category","embeddable":true,"href":"https:\/\/yoann-conte.com\/en\/wp-json\/wp\/v2\/categories?post=36383"},{"taxonomy":"post_tag","embeddable":true,"href":"https:\/\/yoann-conte.com\/en\/wp-json\/wp\/v2\/tags?post=36383"}],"curies":[{"name":"wp","href":"https:\/\/api.w.org\/{rel}","templated":true}]}}