{"id":35029,"date":"2025-12-09T14:56:33","date_gmt":"2025-12-09T13:56:33","guid":{"rendered":"https:\/\/yoann-conte.com\/?p=35029"},"modified":"2026-01-21T14:19:56","modified_gmt":"2026-01-21T13:19:56","slug":"soiree-caviar","status":"publish","type":"post","link":"https:\/\/yoann-conte.com\/en\/soiree-caviar\/","title":{"rendered":"Soir\u00e9e Caviar &#8211; 15 ans de La Maison Bleue"},"content":{"rendered":"<div class=\"wpb-content-wrapper\"><div class=\"vc_row wpb_row vc_row-fluid mpc-row\"><div class=\"wpb_column vc_column_container vc_col-sm-12 mpc-column\" data-column-id=\"mpc_column-1669f4a1542d2d7\"><div class=\"vc_column-inner\"><div class=\"wpb_wrapper\"><div class=\"vc_empty_space\" style=\"height: 130px\"><span class=\"vc_empty_space_inner\"><\/span><\/div><\/div><\/div><\/div><\/div><div class=\"vc_row wpb_row vc_row-fluid mpc-row\"><div class=\"wpb_column vc_column_container vc_col-sm-2 mpc-column\" data-column-id=\"mpc_column-1169f4a1542d659\"><div class=\"vc_column-inner\"><div class=\"wpb_wrapper\"><\/div><\/div><\/div><div class=\"wpb_column vc_column_container vc_col-sm-8 mpc-column\" data-column-id=\"mpc_column-9569f4a1542d9c3\"><div class=\"vc_column-inner\"><div class=\"wpb_wrapper\">\n\t<div class=\"wpb_text_column wpb_content_element\">\n\t\t<div class=\"wpb_wrapper\">\n\t\t\t<h1 style=\"text-align: center;\"><span style=\"font-family: 'Book Antiqua', Palatino; font-size: 36pt;\">Les 15 ans de La Maison Bleue<\/span><\/h1>\n\n\t\t<\/div>\n\t<\/div>\n\n\t<div class=\"wpb_text_column wpb_content_element\">\n\t\t<div class=\"wpb_wrapper\">\n\t\t\t<h2 style=\"text-align: center;\"><span style=\"font-family: gray-scale; font-size: 30pt;\">Around caviar<\/span><\/h2>\n\n\t\t<\/div>\n\t<\/div>\n<\/div><\/div><\/div><div class=\"wpb_column vc_column_container vc_col-sm-2 mpc-column\" data-column-id=\"mpc_column-3969f4a1542db1f\"><div class=\"vc_column-inner\"><div class=\"wpb_wrapper\"><\/div><\/div><\/div><\/div><div class=\"vc_row wpb_row vc_row-fluid mpc-row\"><div class=\"wpb_column vc_column_container vc_col-sm-2 mpc-column\" data-column-id=\"mpc_column-7369f4a1542dea9\"><div class=\"vc_column-inner\"><div class=\"wpb_wrapper\"><\/div><\/div><\/div><div class=\"wpb_column vc_column_container vc_col-sm-8 mpc-column\" data-column-id=\"mpc_column-9269f4a1542e10b\"><div class=\"vc_column-inner\"><div class=\"wpb_wrapper\">\n\t<div class=\"wpb_text_column wpb_content_element\">\n\t\t<div class=\"wpb_wrapper\">\n\t\t\t<p data-start=\"103\" data-end=\"179\"><strong data-start=\"103\" data-end=\"179\">D&icirc;ner d&rsquo;Exception &agrave; 18 Mains &ndash; Lundi 8 D&eacute;cembre 2025 &ndash; La Maison Bleue &#10024;<\/strong><\/p>\n<p data-start=\"181\" data-end=\"456\">Une soir&eacute;e unique s&rsquo;est d&eacute;roul&eacute;e au bord du lac d&rsquo;Annecy, venant cl&ocirc;turer en beaut&eacute; la c&eacute;l&eacute;bration des 15 ans de La Maison Bleue.<br data-start=\"310\" data-end=\"313\">Un moment fort et charg&eacute; d&rsquo;&eacute;motion, marqu&eacute; par la pr&eacute;sence de Marc Veyrat, venu rejoindre Yoann Conte pour ce dernier rendez-vous anniversaire.<\/p>\n<p data-start=\"458\" data-end=\"532\">Un clin d&rsquo;&oelig;il puissant &agrave; l&rsquo;histoire, &agrave; la transmission et &agrave; l&rsquo;amiti&eacute;. &#128153;&#9968;&#65039;<\/p>\n<p data-start=\"534\" data-end=\"786\">Pour l&rsquo;occasion, huit chefs de renom ont uni leurs talents lors d&rsquo;un d&icirc;ner &agrave; 18 mains, imagin&eacute; autour d&rsquo;un produit d&rsquo;exception : le caviar Sturia. &#128031;&#10024;<br data-start=\"684\" data-end=\"687\">Un menu festif, cr&eacute;atif et inspir&eacute;, au cours duquel chaque chef a propos&eacute; sa propre interpr&eacute;tation.<\/p>\n<p data-start=\"788\" data-end=\"1196\"><strong data-start=\"788\" data-end=\"811\">Les Chefs invit&eacute;s :<\/strong><br data-start=\"811\" data-end=\"814\">&bull; Hugo Souchet &#11088;&#11088;&#11088; &ndash; Les Pr&eacute;s d&rsquo;Eug&eacute;nie, Eug&eacute;nie-les-Bains<br data-start=\"872\" data-end=\"875\">&bull; Olivier Bellin &#11088;&#11088; &ndash; Auberge des Glazicks, Plomodiern<br data-start=\"929\" data-end=\"932\">&bull; Ronan Kervarrec &#11088;&#11088; &ndash; Maison Kervarrec, Saint-Gr&eacute;goire<br data-start=\"987\" data-end=\"990\">&bull; Danny Khezzar &#11088; &ndash; Le Bayview by Michel Roth, Gen&egrave;ve<br data-start=\"1043\" data-end=\"1046\">&bull; Ludovic Turac &#11088; &ndash; Une Table au Sud, Marseille<br data-start=\"1093\" data-end=\"1096\">&bull; Boris Harispe &#11088; &ndash; L&rsquo;Abissiou, Les Sables-d&rsquo;Olonne<br data-start=\"1147\" data-end=\"1150\">&bull; Olivier Samson &ndash; Domaine du Liziec, Vannes<\/p>\n<p data-start=\"1198\" data-end=\"1248\">&#128293; <strong data-start=\"1201\" data-end=\"1248\">Une exp&eacute;rience immersive sign&eacute;e Yoann Conte<\/strong><\/p>\n<p data-start=\"1250\" data-end=\"1504\">Les univers de La Table et du Roc ont vibr&eacute; au rythme d&rsquo;un service vivant, fluide et au plus pr&egrave;s des convives.<br data-start=\"1361\" data-end=\"1364\">Une parenth&egrave;se chaleureuse, immersive et profond&eacute;ment m&eacute;morable, riche en symboles, pour c&eacute;l&eacute;brer 15 ans de passion et de haute gastronomie.<\/p>\n<p data-start=\"1506\" data-end=\"1626\">&#128197; Lundi 8 d&eacute;cembre &ndash; 19h00<br data-start=\"1533\" data-end=\"1536\">&#127860; Menu unique autour du caviar<br data-start=\"1567\" data-end=\"1570\">&#128205; La Table &amp; Le Roc &ndash; La Maison Bleue, Veyrier-du-Lac<\/p>\n<p data-start=\"1628\" data-end=\"1747\">Un immense merci &agrave; <strong data-start=\"1647\" data-end=\"1664\">@caviarsturia<\/strong>, partenaire de ce d&icirc;ner d&rsquo;exception, pour avoir sublim&eacute; cette soir&eacute;e anniversaire.<\/p>\n\n\t\t<\/div>\n\t<\/div>\n<\/div><\/div><\/div><div class=\"wpb_column vc_column_container vc_col-sm-2 mpc-column\" data-column-id=\"mpc_column-8169f4a1542e230\"><div class=\"vc_column-inner\"><div class=\"wpb_wrapper\"><\/div><\/div><\/div><\/div><div class=\"vc_row wpb_row vc_row-fluid mpc-row\"><div class=\"wpb_column vc_column_container vc_col-sm-2 mpc-column\" data-column-id=\"mpc_column-4869f4a1542e637\"><div class=\"vc_column-inner\"><div class=\"wpb_wrapper\"><\/div><\/div><\/div><div class=\"wpb_column vc_column_container vc_col-sm-8 mpc-column\" data-column-id=\"mpc_column-7269f4a15430077\"><div class=\"vc_column-inner\"><div class=\"wpb_wrapper\">\n\t<div class=\"wpb_single_image wpb_content_element vc_align_left wpb_content_element\">\n\t\t\n\t\t<figure class=\"wpb_wrapper vc_figure\">\n\t\t\t<div class=\"vc_single_image-wrapper   vc_box_border_grey\"><img loading=\"lazy\" decoding=\"async\" width=\"1024\" height=\"576\" src=\"https:\/\/yoann-conte.com\/wp-content\/uploads\/2026\/01\/Diner-caviar-1024x576.jpeg\" class=\"vc_single_image-img attachment-large\" alt=\"\" title=\"D&icirc;ner caviar\" srcset=\"https:\/\/yoann-conte.com\/wp-content\/uploads\/2026\/01\/Diner-caviar-980x551.jpeg 980w, https:\/\/yoann-conte.com\/wp-content\/uploads\/2026\/01\/Diner-caviar-480x270.jpeg 480w\" sizes=\"(min-width: 0px) and (max-width: 480px) 480px, (min-width: 481px) and (max-width: 980px) 980px, (min-width: 981px) 1024px, 100vw\"><\/div>\n\t\t<\/figure>\n\t<\/div>\n<\/div><\/div><\/div><div class=\"wpb_column vc_column_container vc_col-sm-2 mpc-column\" data-column-id=\"mpc_column-4569f4a154301b9\"><div class=\"vc_column-inner\"><div class=\"wpb_wrapper\"><\/div><\/div><\/div><\/div>\n<\/div>","protected":false},"excerpt":{"rendered":"Les 15 ans de La Maison Bleue Autour du caviar D&icirc;ner d&rsquo;Exception &agrave; 18 Mains &ndash; Lundi 8 D&eacute;cembre 2025 &ndash; La Maison Bleue &#10024; Une soir&eacute;e unique s&rsquo;est d&eacute;roul&eacute;e au bord du lac d&rsquo;Annecy, venant cl&ocirc;turer en beaut&eacute; la c&eacute;l&eacute;bration des 15 ans de La Maison Bleue.Un moment fort et charg&eacute; d&rsquo;&eacute;motion, marqu&eacute; par","protected":false},"author":3,"featured_media":35031,"comment_status":"closed","ping_status":"closed","sticky":false,"template":"","format":"standard","meta":{"_et_pb_use_builder":"","_et_pb_old_content":"","_et_gb_content_width":"","inline_featured_image":false,"footnotes":""},"categories":[6],"tags":[],"class_list":["post-35029","post","type-post","status-publish","format-standard","has-post-thumbnail","hentry","category-news"],"yoast_head":"<!-- This site is optimized with the Yoast SEO plugin v27.5 - https:\/\/yoast.com\/product\/yoast-seo-wordpress\/ -->\n<title>Soir\u00e9e Caviar - 15 ans de La Maison Bleue - Yoann Conte, un lieu embl\u00e9matique \u00e0 Veyrier-du-lac, o\u00f9 se rencontrent l&#039;\u00e9l\u00e9gance de notre h\u00f4tel 5 \u00e9toiles et la cr\u00e9ativit\u00e9 d\u2019une cuisine gastronomique 2 \u00e9toiles, au c\u0153ur d\u2019un cadre naturel exceptionnel.<\/title>\n<meta name=\"robots\" content=\"index, follow, max-snippet:-1, max-image-preview:large, max-video-preview:-1\" \/>\n<link rel=\"canonical\" href=\"https:\/\/yoann-conte.com\/en\/soiree-caviar\/\" \/>\n<meta property=\"og:locale\" content=\"en_GB\" \/>\n<meta property=\"og:type\" content=\"article\" \/>\n<meta property=\"og:title\" content=\"Soir\u00e9e Caviar - 15 ans de La Maison Bleue - Yoann Conte, un lieu embl\u00e9matique \u00e0 Veyrier-du-lac, o\u00f9 se rencontrent l&#039;\u00e9l\u00e9gance de notre h\u00f4tel 5 \u00e9toiles et la cr\u00e9ativit\u00e9 d\u2019une cuisine gastronomique 2 \u00e9toiles, au c\u0153ur d\u2019un cadre naturel exceptionnel.\" \/>\n<meta property=\"og:url\" content=\"https:\/\/yoann-conte.com\/en\/soiree-caviar\/\" \/>\n<meta property=\"og:site_name\" content=\"Yoann Conte, un lieu embl\u00e9matique \u00e0 Veyrier-du-lac, o\u00f9 se rencontrent l&#039;\u00e9l\u00e9gance de notre h\u00f4tel 5 \u00e9toiles et la cr\u00e9ativit\u00e9 d\u2019une cuisine gastronomique 2 \u00e9toiles, au c\u0153ur d\u2019un cadre naturel exceptionnel.\" \/>\n<meta property=\"article:published_time\" content=\"2025-12-09T13:56:33+00:00\" \/>\n<meta property=\"article:modified_time\" content=\"2026-01-21T13:19:56+00:00\" \/>\n<meta property=\"og:image\" content=\"https:\/\/yoann-conte.com\/wp-content\/uploads\/2026\/01\/Diner-caviar-scaled.jpeg\" \/>\n\t<meta property=\"og:image:width\" content=\"2560\" \/>\n\t<meta property=\"og:image:height\" content=\"1440\" \/>\n\t<meta property=\"og:image:type\" content=\"image\/jpeg\" \/>\n<meta name=\"author\" content=\"Marion SEMENOL\" \/>\n<meta name=\"twitter:card\" content=\"summary_large_image\" \/>\n<meta name=\"twitter:label1\" content=\"Written by\" \/>\n\t<meta name=\"twitter:data1\" content=\"Marion SEMENOL\" \/>\n\t<meta name=\"twitter:label2\" content=\"Estimated reading time\" \/>\n\t<meta name=\"twitter:data2\" content=\"2 minutes\" \/>\n<script type=\"application\/ld+json\" class=\"yoast-schema-graph\">{\"@context\":\"https:\\\/\\\/schema.org\",\"@graph\":[{\"@type\":\"Article\",\"@id\":\"https:\\\/\\\/yoann-conte.com\\\/soiree-caviar\\\/#article\",\"isPartOf\":{\"@id\":\"https:\\\/\\\/yoann-conte.com\\\/soiree-caviar\\\/\"},\"author\":{\"name\":\"Marion SEMENOL\",\"@id\":\"https:\\\/\\\/yoann-conte.com\\\/#\\\/schema\\\/person\\\/e6a6a08a8e15dc6ba3174c7012722169\"},\"headline\":\"Soir\u00e9e Caviar &#8211; 15 ans de La Maison Bleue\",\"datePublished\":\"2025-12-09T13:56:33+00:00\",\"dateModified\":\"2026-01-21T13:19:56+00:00\",\"mainEntityOfPage\":{\"@id\":\"https:\\\/\\\/yoann-conte.com\\\/soiree-caviar\\\/\"},\"wordCount\":385,\"image\":{\"@id\":\"https:\\\/\\\/yoann-conte.com\\\/soiree-caviar\\\/#primaryimage\"},\"thumbnailUrl\":\"https:\\\/\\\/yoann-conte.com\\\/wp-content\\\/uploads\\\/2026\\\/01\\\/Diner-caviar-scaled.jpeg\",\"articleSection\":[\"News\"],\"inLanguage\":\"en-GB\"},{\"@type\":\"WebPage\",\"@id\":\"https:\\\/\\\/yoann-conte.com\\\/soiree-caviar\\\/\",\"url\":\"https:\\\/\\\/yoann-conte.com\\\/soiree-caviar\\\/\",\"name\":\"Soir\u00e9e Caviar - 15 ans de La Maison Bleue - Yoann Conte, un lieu embl\u00e9matique \u00e0 Veyrier-du-lac, o\u00f9 se rencontrent l&#039;\u00e9l\u00e9gance de notre h\u00f4tel 5 \u00e9toiles et la cr\u00e9ativit\u00e9 d\u2019une cuisine gastronomique 2 \u00e9toiles, au c\u0153ur d\u2019un cadre naturel exceptionnel.\",\"isPartOf\":{\"@id\":\"https:\\\/\\\/yoann-conte.com\\\/#website\"},\"primaryImageOfPage\":{\"@id\":\"https:\\\/\\\/yoann-conte.com\\\/soiree-caviar\\\/#primaryimage\"},\"image\":{\"@id\":\"https:\\\/\\\/yoann-conte.com\\\/soiree-caviar\\\/#primaryimage\"},\"thumbnailUrl\":\"https:\\\/\\\/yoann-conte.com\\\/wp-content\\\/uploads\\\/2026\\\/01\\\/Diner-caviar-scaled.jpeg\",\"datePublished\":\"2025-12-09T13:56:33+00:00\",\"dateModified\":\"2026-01-21T13:19:56+00:00\",\"author\":{\"@id\":\"https:\\\/\\\/yoann-conte.com\\\/#\\\/schema\\\/person\\\/e6a6a08a8e15dc6ba3174c7012722169\"},\"breadcrumb\":{\"@id\":\"https:\\\/\\\/yoann-conte.com\\\/soiree-caviar\\\/#breadcrumb\"},\"inLanguage\":\"en-GB\",\"potentialAction\":[{\"@type\":\"ReadAction\",\"target\":[\"https:\\\/\\\/yoann-conte.com\\\/soiree-caviar\\\/\"]}]},{\"@type\":\"ImageObject\",\"inLanguage\":\"en-GB\",\"@id\":\"https:\\\/\\\/yoann-conte.com\\\/soiree-caviar\\\/#primaryimage\",\"url\":\"https:\\\/\\\/yoann-conte.com\\\/wp-content\\\/uploads\\\/2026\\\/01\\\/Diner-caviar-scaled.jpeg\",\"contentUrl\":\"https:\\\/\\\/yoann-conte.com\\\/wp-content\\\/uploads\\\/2026\\\/01\\\/Diner-caviar-scaled.jpeg\",\"width\":2560,\"height\":1440},{\"@type\":\"BreadcrumbList\",\"@id\":\"https:\\\/\\\/yoann-conte.com\\\/soiree-caviar\\\/#breadcrumb\",\"itemListElement\":[{\"@type\":\"ListItem\",\"position\":1,\"name\":\"Accueil\",\"item\":\"https:\\\/\\\/yoann-conte.com\\\/\"},{\"@type\":\"ListItem\",\"position\":2,\"name\":\"Menu caviar\"}]},{\"@type\":\"WebSite\",\"@id\":\"https:\\\/\\\/yoann-conte.com\\\/#website\",\"url\":\"https:\\\/\\\/yoann-conte.com\\\/\",\"name\":\"Yoann Conte, un lieu embl\u00e9matique \u00e0 Veyrier-du-lac, o\u00f9 se rencontrent l&#039;\u00e9l\u00e9gance de notre h\u00f4tel 5 \u00e9toiles et la cr\u00e9ativit\u00e9 d\u2019une cuisine gastronomique 2 \u00e9toiles, au c\u0153ur d\u2019un cadre naturel exceptionnel.\",\"description\":\"Restaurant gastronomique \u00e0 Annecy, Yoann Conte\",\"potentialAction\":[{\"@type\":\"SearchAction\",\"target\":{\"@type\":\"EntryPoint\",\"urlTemplate\":\"https:\\\/\\\/yoann-conte.com\\\/?s={search_term_string}\"},\"query-input\":{\"@type\":\"PropertyValueSpecification\",\"valueRequired\":true,\"valueName\":\"search_term_string\"}}],\"inLanguage\":\"en-GB\"},{\"@type\":\"Person\",\"@id\":\"https:\\\/\\\/yoann-conte.com\\\/#\\\/schema\\\/person\\\/e6a6a08a8e15dc6ba3174c7012722169\",\"name\":\"Marion SEMENOL\",\"image\":{\"@type\":\"ImageObject\",\"inLanguage\":\"en-GB\",\"@id\":\"https:\\\/\\\/secure.gravatar.com\\\/avatar\\\/d96c083a2b88daa57e45c96c0573fa7fbb4b2afff4c465c03e481011cb916fab?s=96&d=mm&r=g\",\"url\":\"https:\\\/\\\/secure.gravatar.com\\\/avatar\\\/d96c083a2b88daa57e45c96c0573fa7fbb4b2afff4c465c03e481011cb916fab?s=96&d=mm&r=g\",\"contentUrl\":\"https:\\\/\\\/secure.gravatar.com\\\/avatar\\\/d96c083a2b88daa57e45c96c0573fa7fbb4b2afff4c465c03e481011cb916fab?s=96&d=mm&r=g\",\"caption\":\"Marion SEMENOL\"},\"url\":\"https:\\\/\\\/yoann-conte.com\\\/en\\\/author\\\/anna\\\/\"}]}<\/script>\n<!-- \/ Yoast SEO plugin. -->","yoast_head_json":{"title":"Soir\u00e9e Caviar - 15 ans de La Maison Bleue - Yoann Conte, un lieu embl\u00e9matique \u00e0 Veyrier-du-lac, o\u00f9 se rencontrent l&#039;\u00e9l\u00e9gance de notre h\u00f4tel 5 \u00e9toiles et la cr\u00e9ativit\u00e9 d\u2019une cuisine gastronomique 2 \u00e9toiles, au c\u0153ur d\u2019un cadre naturel exceptionnel.","robots":{"index":"index","follow":"follow","max-snippet":"max-snippet:-1","max-image-preview":"max-image-preview:large","max-video-preview":"max-video-preview:-1"},"canonical":"https:\/\/yoann-conte.com\/en\/soiree-caviar\/","og_locale":"en_GB","og_type":"article","og_title":"Soir\u00e9e Caviar - 15 ans de La Maison Bleue - Yoann Conte, un lieu embl\u00e9matique \u00e0 Veyrier-du-lac, o\u00f9 se rencontrent l&#039;\u00e9l\u00e9gance de notre h\u00f4tel 5 \u00e9toiles et la cr\u00e9ativit\u00e9 d\u2019une cuisine gastronomique 2 \u00e9toiles, au c\u0153ur d\u2019un cadre naturel exceptionnel.","og_url":"https:\/\/yoann-conte.com\/en\/soiree-caviar\/","og_site_name":"Yoann Conte, un lieu embl\u00e9matique \u00e0 Veyrier-du-lac, o\u00f9 se rencontrent l&#039;\u00e9l\u00e9gance de notre h\u00f4tel 5 \u00e9toiles et la cr\u00e9ativit\u00e9 d\u2019une cuisine gastronomique 2 \u00e9toiles, au c\u0153ur d\u2019un cadre naturel exceptionnel.","article_published_time":"2025-12-09T13:56:33+00:00","article_modified_time":"2026-01-21T13:19:56+00:00","og_image":[{"width":2560,"height":1440,"url":"https:\/\/yoann-conte.com\/wp-content\/uploads\/2026\/01\/Diner-caviar-scaled.jpeg","type":"image\/jpeg"}],"author":"Marion SEMENOL","twitter_card":"summary_large_image","twitter_misc":{"Written by":"Marion SEMENOL","Estimated reading time":"2 minutes"},"schema":{"@context":"https:\/\/schema.org","@graph":[{"@type":"Article","@id":"https:\/\/yoann-conte.com\/soiree-caviar\/#article","isPartOf":{"@id":"https:\/\/yoann-conte.com\/soiree-caviar\/"},"author":{"name":"Marion SEMENOL","@id":"https:\/\/yoann-conte.com\/#\/schema\/person\/e6a6a08a8e15dc6ba3174c7012722169"},"headline":"Soir\u00e9e Caviar &#8211; 15 ans de La Maison Bleue","datePublished":"2025-12-09T13:56:33+00:00","dateModified":"2026-01-21T13:19:56+00:00","mainEntityOfPage":{"@id":"https:\/\/yoann-conte.com\/soiree-caviar\/"},"wordCount":385,"image":{"@id":"https:\/\/yoann-conte.com\/soiree-caviar\/#primaryimage"},"thumbnailUrl":"https:\/\/yoann-conte.com\/wp-content\/uploads\/2026\/01\/Diner-caviar-scaled.jpeg","articleSection":["News"],"inLanguage":"en-GB"},{"@type":"WebPage","@id":"https:\/\/yoann-conte.com\/soiree-caviar\/","url":"https:\/\/yoann-conte.com\/soiree-caviar\/","name":"Soir\u00e9e Caviar - 15 ans de La Maison Bleue - Yoann Conte, un lieu embl\u00e9matique \u00e0 Veyrier-du-lac, o\u00f9 se rencontrent l&#039;\u00e9l\u00e9gance de notre h\u00f4tel 5 \u00e9toiles et la cr\u00e9ativit\u00e9 d\u2019une cuisine gastronomique 2 \u00e9toiles, au c\u0153ur d\u2019un cadre naturel exceptionnel.","isPartOf":{"@id":"https:\/\/yoann-conte.com\/#website"},"primaryImageOfPage":{"@id":"https:\/\/yoann-conte.com\/soiree-caviar\/#primaryimage"},"image":{"@id":"https:\/\/yoann-conte.com\/soiree-caviar\/#primaryimage"},"thumbnailUrl":"https:\/\/yoann-conte.com\/wp-content\/uploads\/2026\/01\/Diner-caviar-scaled.jpeg","datePublished":"2025-12-09T13:56:33+00:00","dateModified":"2026-01-21T13:19:56+00:00","author":{"@id":"https:\/\/yoann-conte.com\/#\/schema\/person\/e6a6a08a8e15dc6ba3174c7012722169"},"breadcrumb":{"@id":"https:\/\/yoann-conte.com\/soiree-caviar\/#breadcrumb"},"inLanguage":"en-GB","potentialAction":[{"@type":"ReadAction","target":["https:\/\/yoann-conte.com\/soiree-caviar\/"]}]},{"@type":"ImageObject","inLanguage":"en-GB","@id":"https:\/\/yoann-conte.com\/soiree-caviar\/#primaryimage","url":"https:\/\/yoann-conte.com\/wp-content\/uploads\/2026\/01\/Diner-caviar-scaled.jpeg","contentUrl":"https:\/\/yoann-conte.com\/wp-content\/uploads\/2026\/01\/Diner-caviar-scaled.jpeg","width":2560,"height":1440},{"@type":"BreadcrumbList","@id":"https:\/\/yoann-conte.com\/soiree-caviar\/#breadcrumb","itemListElement":[{"@type":"ListItem","position":1,"name":"Accueil","item":"https:\/\/yoann-conte.com\/"},{"@type":"ListItem","position":2,"name":"Menu caviar"}]},{"@type":"WebSite","@id":"https:\/\/yoann-conte.com\/#website","url":"https:\/\/yoann-conte.com\/","name":"Yoann Conte, un lieu embl\u00e9matique \u00e0 Veyrier-du-lac, o\u00f9 se rencontrent l&#039;\u00e9l\u00e9gance de notre h\u00f4tel 5 \u00e9toiles et la cr\u00e9ativit\u00e9 d\u2019une cuisine gastronomique 2 \u00e9toiles, au c\u0153ur d\u2019un cadre naturel exceptionnel.","description":"Gastronomic restaurant in Annecy, Yoann Conte","potentialAction":[{"@type":"SearchAction","target":{"@type":"EntryPoint","urlTemplate":"https:\/\/yoann-conte.com\/?s={search_term_string}"},"query-input":{"@type":"PropertyValueSpecification","valueRequired":true,"valueName":"search_term_string"}}],"inLanguage":"en-GB"},{"@type":"Person","@id":"https:\/\/yoann-conte.com\/#\/schema\/person\/e6a6a08a8e15dc6ba3174c7012722169","name":"Marion SEMENOL","image":{"@type":"ImageObject","inLanguage":"en-GB","@id":"https:\/\/secure.gravatar.com\/avatar\/d96c083a2b88daa57e45c96c0573fa7fbb4b2afff4c465c03e481011cb916fab?s=96&d=mm&r=g","url":"https:\/\/secure.gravatar.com\/avatar\/d96c083a2b88daa57e45c96c0573fa7fbb4b2afff4c465c03e481011cb916fab?s=96&d=mm&r=g","contentUrl":"https:\/\/secure.gravatar.com\/avatar\/d96c083a2b88daa57e45c96c0573fa7fbb4b2afff4c465c03e481011cb916fab?s=96&d=mm&r=g","caption":"Marion SEMENOL"},"url":"https:\/\/yoann-conte.com\/en\/author\/anna\/"}]}},"_links":{"self":[{"href":"https:\/\/yoann-conte.com\/en\/wp-json\/wp\/v2\/posts\/35029","targetHints":{"allow":["GET"]}}],"collection":[{"href":"https:\/\/yoann-conte.com\/en\/wp-json\/wp\/v2\/posts"}],"about":[{"href":"https:\/\/yoann-conte.com\/en\/wp-json\/wp\/v2\/types\/post"}],"author":[{"embeddable":true,"href":"https:\/\/yoann-conte.com\/en\/wp-json\/wp\/v2\/users\/3"}],"replies":[{"embeddable":true,"href":"https:\/\/yoann-conte.com\/en\/wp-json\/wp\/v2\/comments?post=35029"}],"version-history":[{"count":4,"href":"https:\/\/yoann-conte.com\/en\/wp-json\/wp\/v2\/posts\/35029\/revisions"}],"predecessor-version":[{"id":35033,"href":"https:\/\/yoann-conte.com\/en\/wp-json\/wp\/v2\/posts\/35029\/revisions\/35033"}],"wp:featuredmedia":[{"embeddable":true,"href":"https:\/\/yoann-conte.com\/en\/wp-json\/wp\/v2\/media\/35031"}],"wp:attachment":[{"href":"https:\/\/yoann-conte.com\/en\/wp-json\/wp\/v2\/media?parent=35029"}],"wp:term":[{"taxonomy":"category","embeddable":true,"href":"https:\/\/yoann-conte.com\/en\/wp-json\/wp\/v2\/categories?post=35029"},{"taxonomy":"post_tag","embeddable":true,"href":"https:\/\/yoann-conte.com\/en\/wp-json\/wp\/v2\/tags?post=35029"}],"curies":[{"name":"wp","href":"https:\/\/api.w.org\/{rel}","templated":true}]}}