{"id":33118,"date":"2024-11-19T16:06:04","date_gmt":"2024-11-19T15:06:04","guid":{"rendered":"https:\/\/yoann-conte.com\/?p=33118"},"modified":"2024-11-19T16:12:47","modified_gmt":"2024-11-19T15:12:47","slug":"33118-2","status":"publish","type":"post","link":"https:\/\/yoann-conte.com\/en\/33118-2\/","title":{"rendered":"Bastien Debono &#8211; Sommelier de l\u2019Ann\u00e9e 2025 par le guide Gault&#038;Millau"},"content":{"rendered":"<div class=\"wpb-content-wrapper\"><div class=\"vc_row wpb_row vc_row-fluid mpc-row\"><div class=\"wpb_column vc_column_container vc_col-sm-12 mpc-column\" data-column-id=\"mpc_column-3269f4a1c66eafd\"><div class=\"vc_column-inner\"><div class=\"wpb_wrapper\"><div class=\"vc_empty_space\" style=\"height: 130px\"><span class=\"vc_empty_space_inner\"><\/span><\/div><\/div><\/div><\/div><\/div><div class=\"vc_row wpb_row vc_row-fluid mpc-row\"><div class=\"wpb_column vc_column_container vc_col-sm-2 mpc-column\" data-column-id=\"mpc_column-1669f4a1c66ed93\"><div class=\"vc_column-inner\"><div class=\"wpb_wrapper\"><\/div><\/div><\/div><div class=\"wpb_column vc_column_container vc_col-sm-8 mpc-column\" data-column-id=\"mpc_column-1869f4a1c66ef88\"><div class=\"vc_column-inner\"><div class=\"wpb_wrapper\">\n\t<div class=\"wpb_text_column wpb_content_element\">\n\t\t<div class=\"wpb_wrapper\">\n\t\t\t<h1 style=\"text-align: center;\"><span style=\"font-family: 'Book Antiqua', Palatino; font-size: 36pt;\">Bastien Debono elected Sommelier of the Year 2025 by the Gault&amp;Millau guide<\/span><\/h1>\n\n\t\t<\/div>\n\t<\/div>\n<\/div><\/div><\/div><div class=\"wpb_column vc_column_container vc_col-sm-2 mpc-column\" data-column-id=\"mpc_column-4769f4a1c66f07d\"><div class=\"vc_column-inner\"><div class=\"wpb_wrapper\"><\/div><\/div><\/div><\/div><div class=\"vc_row wpb_row vc_row-fluid mpc-row\"><div class=\"wpb_column vc_column_container vc_col-sm-2 mpc-column\" data-column-id=\"mpc_column-1269f4a1c66f30e\"><div class=\"vc_column-inner\"><div class=\"wpb_wrapper\"><\/div><\/div><\/div><div class=\"wpb_column vc_column_container vc_col-sm-8 mpc-column\" data-column-id=\"mpc_column-4369f4a1c66f4fd\"><div class=\"vc_column-inner\"><div class=\"wpb_wrapper\">\n\t<div class=\"wpb_text_column wpb_content_element\">\n\t\t<div class=\"wpb_wrapper\">\n\t\t\t<p style=\"text-align: justifie;\"><span style=\"font-size: 12pt;\">This award is an exceptional recognition for Bastien Debono, whose passion and talent enrich the experience of our customers every day. His approach goes far beyond classic sommellerie: he tells stories, creates emotions and sublimates each dish thanks to his exceptionally accurate pairings.<\/span><br>\n<span style=\"font-size: 12pt;\">Since he joined our company, Bastien has never ceased to impress me with his dedication, his sensitivity and his ability to highlight the work of the winemakers and the richness of our terroirs.<\/span><br>\n<span style=\"font-size: 12pt;\">I am delighted to see him receive this distinction, which honours not only his career, but also the values we share: respect for the product, the quest for excellence and the pleasure of passing on our love of gastronomy.<\/span><br>\n<span style=\"font-size: 12pt;\">This title, awarded by Gault&amp;Millau, underlines just how essential the role of sommeliers is in the culinary arts. Bastien now joins the great names of French sommellerie, and I'm proud that he is flying the colours of our region and our restaurant.<\/span><\/p>\n\n\t\t<\/div>\n\t<\/div>\n<\/div><\/div><\/div><div class=\"wpb_column vc_column_container vc_col-sm-2 mpc-column\" data-column-id=\"mpc_column-4369f4a1c66f601\"><div class=\"vc_column-inner\"><div class=\"wpb_wrapper\"><\/div><\/div><\/div><\/div><div class=\"vc_row wpb_row vc_row-fluid mpc-row\"><div class=\"wpb_column vc_column_container vc_col-sm-2 mpc-column\" data-column-id=\"mpc_column-4969f4a1c66f88e\"><div class=\"vc_column-inner\"><div class=\"wpb_wrapper\"><\/div><\/div><\/div><div class=\"wpb_column vc_column_container vc_col-sm-8 mpc-column\" data-column-id=\"mpc_column-7969f4a1c66fa37\"><div class=\"vc_column-inner\"><div class=\"wpb_wrapper\">\n\t<div class=\"wpb_text_column wpb_content_element\">\n\t\t<div class=\"wpb_wrapper\">\n\t\t\t<blockquote><p>\n<span style=\"font-size: 12pt;\">\"Bastien perfectly embodies the values of our company: humility, passion and transmission. The title of Sommelier of the Year 2025 is well-deserved recognition for all the work he does with such dedication every day.<\/span>\n<\/p><\/blockquote>\n\n\t\t<\/div>\n\t<\/div>\n<\/div><\/div><\/div><div class=\"wpb_column vc_column_container vc_col-sm-2 mpc-column\" data-column-id=\"mpc_column-3269f4a1c66fb20\"><div class=\"vc_column-inner\"><div class=\"wpb_wrapper\"><\/div><\/div><\/div><\/div><div class=\"vc_row wpb_row vc_row-fluid mpc-row\"><div class=\"wpb_column vc_column_container vc_col-sm-2 mpc-column\" data-column-id=\"mpc_column-4969f4a1c66fd60\"><div class=\"vc_column-inner\"><div class=\"wpb_wrapper\"><\/div><\/div><\/div><div class=\"wpb_column vc_column_container vc_col-sm-8 mpc-column\" data-column-id=\"mpc_column-4769f4a1c66feec\"><div class=\"vc_column-inner\"><div class=\"wpb_wrapper\">\n\t<div class=\"wpb_text_column wpb_content_element\">\n\t\t<div class=\"wpb_wrapper\">\n\t\t\t<p><span style=\"font-size: 12pt;\">We would like to thank all our customers, our winegrowing partners and the Gault&amp;Millau team for this wonderful accolade.<\/span><\/p>\n\n\t\t<\/div>\n\t<\/div>\n<\/div><\/div><\/div><div class=\"wpb_column vc_column_container vc_col-sm-2 mpc-column\" data-column-id=\"mpc_column-9969f4a1c66ffcb\"><div class=\"vc_column-inner\"><div class=\"wpb_wrapper\"><\/div><\/div><\/div><\/div><div class=\"vc_row wpb_row vc_row-fluid mpc-row\"><div class=\"wpb_column vc_column_container vc_col-sm-12 mpc-column\" data-column-id=\"mpc_column-4569f4a1c67197a\"><div class=\"vc_column-inner\"><div class=\"wpb_wrapper\">\n\t<div class=\"wpb_single_image wpb_content_element vc_align_center wpb_content_element\">\n\t\t\n\t\t<figure class=\"wpb_wrapper vc_figure\">\n\t\t\t<div class=\"vc_single_image-wrapper   vc_box_border_grey\"><img loading=\"lazy\" decoding=\"async\" width=\"1000\" height=\"500\" src=\"https:\/\/yoann-conte.com\/wp-content\/uploads\/2024\/11\/bastien-bastien-debono.jpg\" class=\"vc_single_image-img attachment-full\" alt=\"\" title=\"bastien-bastien-debono\" srcset=\"https:\/\/yoann-conte.com\/wp-content\/uploads\/2024\/11\/bastien-bastien-debono.jpg 1000w, https:\/\/yoann-conte.com\/wp-content\/uploads\/2024\/11\/bastien-bastien-debono-980x490.jpg 980w, https:\/\/yoann-conte.com\/wp-content\/uploads\/2024\/11\/bastien-bastien-debono-480x240.jpg 480w\" sizes=\"(min-width: 0px) and (max-width: 480px) 480px, (min-width: 481px) and (max-width: 980px) 980px, (min-width: 981px) 1000px, 100vw\"><\/div>\n\t\t<\/figure>\n\t<\/div>\n<\/div><\/div><\/div><\/div>\n<\/div>","protected":false},"excerpt":{"rendered":"Bastien Debono &eacute;lu Sommelier de l&rsquo;Ann&eacute;e 2025 par le guide Gault&amp;Millau Ce prix est une reconnaissance exceptionnelle pour Bastien Debono, dont la passion et le talent enrichissent chaque jour l&rsquo;exp&eacute;rience de nos clients. Son approche va bien au-del&agrave; de la sommellerie classique : il raconte des histoires, cr&eacute;e des &eacute;motions et sublime chaque plat gr&acirc;ce","protected":false},"author":3,"featured_media":33119,"comment_status":"closed","ping_status":"closed","sticky":false,"template":"","format":"standard","meta":{"_et_pb_use_builder":"","_et_pb_old_content":"","_et_gb_content_width":"","inline_featured_image":false,"footnotes":""},"categories":[6],"tags":[],"class_list":["post-33118","post","type-post","status-publish","format-standard","has-post-thumbnail","hentry","category-news"],"yoast_head":"<!-- This site is optimized with the Yoast SEO plugin v27.5 - https:\/\/yoast.com\/product\/yoast-seo-wordpress\/ -->\n<title>Bastien Debono - Sommelier de l\u2019Ann\u00e9e 2025 par le guide Gault&amp;Millau - Yoann Conte, un lieu embl\u00e9matique \u00e0 Veyrier-du-lac, o\u00f9 se rencontrent l&#039;\u00e9l\u00e9gance de notre h\u00f4tel 5 \u00e9toiles et la cr\u00e9ativit\u00e9 d\u2019une cuisine gastronomique 2 \u00e9toiles, au c\u0153ur d\u2019un cadre naturel exceptionnel.<\/title>\n<meta name=\"robots\" content=\"index, follow, max-snippet:-1, max-image-preview:large, max-video-preview:-1\" \/>\n<link rel=\"canonical\" href=\"https:\/\/yoann-conte.com\/en\/33118-2\/\" \/>\n<meta property=\"og:locale\" content=\"en_GB\" \/>\n<meta property=\"og:type\" content=\"article\" \/>\n<meta property=\"og:title\" content=\"Bastien Debono - Sommelier de l\u2019Ann\u00e9e 2025 par le guide Gault&amp;Millau - Yoann Conte, un lieu embl\u00e9matique \u00e0 Veyrier-du-lac, o\u00f9 se rencontrent l&#039;\u00e9l\u00e9gance de notre h\u00f4tel 5 \u00e9toiles et la cr\u00e9ativit\u00e9 d\u2019une cuisine gastronomique 2 \u00e9toiles, au c\u0153ur d\u2019un cadre naturel exceptionnel.\" \/>\n<meta property=\"og:url\" content=\"https:\/\/yoann-conte.com\/en\/33118-2\/\" \/>\n<meta property=\"og:site_name\" content=\"Yoann Conte, un lieu embl\u00e9matique \u00e0 Veyrier-du-lac, o\u00f9 se rencontrent l&#039;\u00e9l\u00e9gance de notre h\u00f4tel 5 \u00e9toiles et la cr\u00e9ativit\u00e9 d\u2019une cuisine gastronomique 2 \u00e9toiles, au c\u0153ur d\u2019un cadre naturel exceptionnel.\" \/>\n<meta property=\"article:published_time\" content=\"2024-11-19T15:06:04+00:00\" \/>\n<meta property=\"article:modified_time\" content=\"2024-11-19T15:12:47+00:00\" \/>\n<meta property=\"og:image\" content=\"https:\/\/yoann-conte.com\/wp-content\/uploads\/2024\/11\/bastien-bastien-debono.jpg\" \/>\n\t<meta property=\"og:image:width\" content=\"1000\" \/>\n\t<meta property=\"og:image:height\" content=\"500\" \/>\n\t<meta property=\"og:image:type\" content=\"image\/jpeg\" \/>\n<meta name=\"author\" content=\"Marion SEMENOL\" \/>\n<meta name=\"twitter:card\" content=\"summary_large_image\" \/>\n<meta name=\"twitter:label1\" content=\"Written by\" \/>\n\t<meta name=\"twitter:data1\" content=\"Marion SEMENOL\" \/>\n\t<meta name=\"twitter:label2\" content=\"Estimated reading time\" \/>\n\t<meta name=\"twitter:data2\" content=\"2 minutes\" \/>\n<script type=\"application\/ld+json\" class=\"yoast-schema-graph\">{\"@context\":\"https:\\\/\\\/schema.org\",\"@graph\":[{\"@type\":\"Article\",\"@id\":\"https:\\\/\\\/yoann-conte.com\\\/33118-2\\\/#article\",\"isPartOf\":{\"@id\":\"https:\\\/\\\/yoann-conte.com\\\/33118-2\\\/\"},\"author\":{\"name\":\"Marion SEMENOL\",\"@id\":\"https:\\\/\\\/yoann-conte.com\\\/#\\\/schema\\\/person\\\/e6a6a08a8e15dc6ba3174c7012722169\"},\"headline\":\"Bastien Debono &#8211; Sommelier de l\u2019Ann\u00e9e 2025 par le guide Gault&#038;Millau\",\"datePublished\":\"2024-11-19T15:06:04+00:00\",\"dateModified\":\"2024-11-19T15:12:47+00:00\",\"mainEntityOfPage\":{\"@id\":\"https:\\\/\\\/yoann-conte.com\\\/33118-2\\\/\"},\"wordCount\":402,\"image\":{\"@id\":\"https:\\\/\\\/yoann-conte.com\\\/33118-2\\\/#primaryimage\"},\"thumbnailUrl\":\"https:\\\/\\\/yoann-conte.com\\\/wp-content\\\/uploads\\\/2024\\\/11\\\/bastien-bastien-debono.jpg\",\"articleSection\":[\"News\"],\"inLanguage\":\"en-GB\"},{\"@type\":\"WebPage\",\"@id\":\"https:\\\/\\\/yoann-conte.com\\\/33118-2\\\/\",\"url\":\"https:\\\/\\\/yoann-conte.com\\\/33118-2\\\/\",\"name\":\"Bastien Debono - Sommelier de l\u2019Ann\u00e9e 2025 par le guide Gault&Millau - Yoann Conte, un lieu embl\u00e9matique \u00e0 Veyrier-du-lac, o\u00f9 se rencontrent l&#039;\u00e9l\u00e9gance de notre h\u00f4tel 5 \u00e9toiles et la cr\u00e9ativit\u00e9 d\u2019une cuisine gastronomique 2 \u00e9toiles, au c\u0153ur d\u2019un cadre naturel exceptionnel.\",\"isPartOf\":{\"@id\":\"https:\\\/\\\/yoann-conte.com\\\/#website\"},\"primaryImageOfPage\":{\"@id\":\"https:\\\/\\\/yoann-conte.com\\\/33118-2\\\/#primaryimage\"},\"image\":{\"@id\":\"https:\\\/\\\/yoann-conte.com\\\/33118-2\\\/#primaryimage\"},\"thumbnailUrl\":\"https:\\\/\\\/yoann-conte.com\\\/wp-content\\\/uploads\\\/2024\\\/11\\\/bastien-bastien-debono.jpg\",\"datePublished\":\"2024-11-19T15:06:04+00:00\",\"dateModified\":\"2024-11-19T15:12:47+00:00\",\"author\":{\"@id\":\"https:\\\/\\\/yoann-conte.com\\\/#\\\/schema\\\/person\\\/e6a6a08a8e15dc6ba3174c7012722169\"},\"breadcrumb\":{\"@id\":\"https:\\\/\\\/yoann-conte.com\\\/33118-2\\\/#breadcrumb\"},\"inLanguage\":\"en-GB\",\"potentialAction\":[{\"@type\":\"ReadAction\",\"target\":[\"https:\\\/\\\/yoann-conte.com\\\/33118-2\\\/\"]}]},{\"@type\":\"ImageObject\",\"inLanguage\":\"en-GB\",\"@id\":\"https:\\\/\\\/yoann-conte.com\\\/33118-2\\\/#primaryimage\",\"url\":\"https:\\\/\\\/yoann-conte.com\\\/wp-content\\\/uploads\\\/2024\\\/11\\\/bastien-bastien-debono.jpg\",\"contentUrl\":\"https:\\\/\\\/yoann-conte.com\\\/wp-content\\\/uploads\\\/2024\\\/11\\\/bastien-bastien-debono.jpg\",\"width\":1000,\"height\":500},{\"@type\":\"BreadcrumbList\",\"@id\":\"https:\\\/\\\/yoann-conte.com\\\/33118-2\\\/#breadcrumb\",\"itemListElement\":[{\"@type\":\"ListItem\",\"position\":1,\"name\":\"Accueil\",\"item\":\"https:\\\/\\\/yoann-conte.com\\\/\"},{\"@type\":\"ListItem\",\"position\":2,\"name\":\"Bastien Debono &#8211; Sommelier de l\u2019Ann\u00e9e 2025 par le guide Gault&#038;Millau\"}]},{\"@type\":\"WebSite\",\"@id\":\"https:\\\/\\\/yoann-conte.com\\\/#website\",\"url\":\"https:\\\/\\\/yoann-conte.com\\\/\",\"name\":\"Yoann Conte, un lieu embl\u00e9matique \u00e0 Veyrier-du-lac, o\u00f9 se rencontrent l&#039;\u00e9l\u00e9gance de notre h\u00f4tel 5 \u00e9toiles et la cr\u00e9ativit\u00e9 d\u2019une cuisine gastronomique 2 \u00e9toiles, au c\u0153ur d\u2019un cadre naturel exceptionnel.\",\"description\":\"Restaurant gastronomique \u00e0 Annecy, Yoann Conte\",\"potentialAction\":[{\"@type\":\"SearchAction\",\"target\":{\"@type\":\"EntryPoint\",\"urlTemplate\":\"https:\\\/\\\/yoann-conte.com\\\/?s={search_term_string}\"},\"query-input\":{\"@type\":\"PropertyValueSpecification\",\"valueRequired\":true,\"valueName\":\"search_term_string\"}}],\"inLanguage\":\"en-GB\"},{\"@type\":\"Person\",\"@id\":\"https:\\\/\\\/yoann-conte.com\\\/#\\\/schema\\\/person\\\/e6a6a08a8e15dc6ba3174c7012722169\",\"name\":\"Marion SEMENOL\",\"image\":{\"@type\":\"ImageObject\",\"inLanguage\":\"en-GB\",\"@id\":\"https:\\\/\\\/secure.gravatar.com\\\/avatar\\\/d96c083a2b88daa57e45c96c0573fa7fbb4b2afff4c465c03e481011cb916fab?s=96&d=mm&r=g\",\"url\":\"https:\\\/\\\/secure.gravatar.com\\\/avatar\\\/d96c083a2b88daa57e45c96c0573fa7fbb4b2afff4c465c03e481011cb916fab?s=96&d=mm&r=g\",\"contentUrl\":\"https:\\\/\\\/secure.gravatar.com\\\/avatar\\\/d96c083a2b88daa57e45c96c0573fa7fbb4b2afff4c465c03e481011cb916fab?s=96&d=mm&r=g\",\"caption\":\"Marion SEMENOL\"},\"url\":\"https:\\\/\\\/yoann-conte.com\\\/en\\\/author\\\/anna\\\/\"}]}<\/script>\n<!-- \/ Yoast SEO plugin. -->","yoast_head_json":{"title":"Bastien Debono - Sommelier de l\u2019Ann\u00e9e 2025 par le guide Gault&Millau - Yoann Conte, un lieu embl\u00e9matique \u00e0 Veyrier-du-lac, o\u00f9 se rencontrent l&#039;\u00e9l\u00e9gance de notre h\u00f4tel 5 \u00e9toiles et la cr\u00e9ativit\u00e9 d\u2019une cuisine gastronomique 2 \u00e9toiles, au c\u0153ur d\u2019un cadre naturel exceptionnel.","robots":{"index":"index","follow":"follow","max-snippet":"max-snippet:-1","max-image-preview":"max-image-preview:large","max-video-preview":"max-video-preview:-1"},"canonical":"https:\/\/yoann-conte.com\/en\/33118-2\/","og_locale":"en_GB","og_type":"article","og_title":"Bastien Debono - Sommelier de l\u2019Ann\u00e9e 2025 par le guide Gault&Millau - Yoann Conte, un lieu embl\u00e9matique \u00e0 Veyrier-du-lac, o\u00f9 se rencontrent l&#039;\u00e9l\u00e9gance de notre h\u00f4tel 5 \u00e9toiles et la cr\u00e9ativit\u00e9 d\u2019une cuisine gastronomique 2 \u00e9toiles, au c\u0153ur d\u2019un cadre naturel exceptionnel.","og_url":"https:\/\/yoann-conte.com\/en\/33118-2\/","og_site_name":"Yoann Conte, un lieu embl\u00e9matique \u00e0 Veyrier-du-lac, o\u00f9 se rencontrent l&#039;\u00e9l\u00e9gance de notre h\u00f4tel 5 \u00e9toiles et la cr\u00e9ativit\u00e9 d\u2019une cuisine gastronomique 2 \u00e9toiles, au c\u0153ur d\u2019un cadre naturel exceptionnel.","article_published_time":"2024-11-19T15:06:04+00:00","article_modified_time":"2024-11-19T15:12:47+00:00","og_image":[{"width":1000,"height":500,"url":"https:\/\/yoann-conte.com\/wp-content\/uploads\/2024\/11\/bastien-bastien-debono.jpg","type":"image\/jpeg"}],"author":"Marion SEMENOL","twitter_card":"summary_large_image","twitter_misc":{"Written by":"Marion SEMENOL","Estimated reading time":"2 minutes"},"schema":{"@context":"https:\/\/schema.org","@graph":[{"@type":"Article","@id":"https:\/\/yoann-conte.com\/33118-2\/#article","isPartOf":{"@id":"https:\/\/yoann-conte.com\/33118-2\/"},"author":{"name":"Marion SEMENOL","@id":"https:\/\/yoann-conte.com\/#\/schema\/person\/e6a6a08a8e15dc6ba3174c7012722169"},"headline":"Bastien Debono &#8211; Sommelier de l\u2019Ann\u00e9e 2025 par le guide Gault&#038;Millau","datePublished":"2024-11-19T15:06:04+00:00","dateModified":"2024-11-19T15:12:47+00:00","mainEntityOfPage":{"@id":"https:\/\/yoann-conte.com\/33118-2\/"},"wordCount":402,"image":{"@id":"https:\/\/yoann-conte.com\/33118-2\/#primaryimage"},"thumbnailUrl":"https:\/\/yoann-conte.com\/wp-content\/uploads\/2024\/11\/bastien-bastien-debono.jpg","articleSection":["News"],"inLanguage":"en-GB"},{"@type":"WebPage","@id":"https:\/\/yoann-conte.com\/33118-2\/","url":"https:\/\/yoann-conte.com\/33118-2\/","name":"Bastien Debono - Sommelier de l\u2019Ann\u00e9e 2025 par le guide Gault&Millau - Yoann Conte, un lieu embl\u00e9matique \u00e0 Veyrier-du-lac, o\u00f9 se rencontrent l&#039;\u00e9l\u00e9gance de notre h\u00f4tel 5 \u00e9toiles et la cr\u00e9ativit\u00e9 d\u2019une cuisine gastronomique 2 \u00e9toiles, au c\u0153ur d\u2019un cadre naturel exceptionnel.","isPartOf":{"@id":"https:\/\/yoann-conte.com\/#website"},"primaryImageOfPage":{"@id":"https:\/\/yoann-conte.com\/33118-2\/#primaryimage"},"image":{"@id":"https:\/\/yoann-conte.com\/33118-2\/#primaryimage"},"thumbnailUrl":"https:\/\/yoann-conte.com\/wp-content\/uploads\/2024\/11\/bastien-bastien-debono.jpg","datePublished":"2024-11-19T15:06:04+00:00","dateModified":"2024-11-19T15:12:47+00:00","author":{"@id":"https:\/\/yoann-conte.com\/#\/schema\/person\/e6a6a08a8e15dc6ba3174c7012722169"},"breadcrumb":{"@id":"https:\/\/yoann-conte.com\/33118-2\/#breadcrumb"},"inLanguage":"en-GB","potentialAction":[{"@type":"ReadAction","target":["https:\/\/yoann-conte.com\/33118-2\/"]}]},{"@type":"ImageObject","inLanguage":"en-GB","@id":"https:\/\/yoann-conte.com\/33118-2\/#primaryimage","url":"https:\/\/yoann-conte.com\/wp-content\/uploads\/2024\/11\/bastien-bastien-debono.jpg","contentUrl":"https:\/\/yoann-conte.com\/wp-content\/uploads\/2024\/11\/bastien-bastien-debono.jpg","width":1000,"height":500},{"@type":"BreadcrumbList","@id":"https:\/\/yoann-conte.com\/33118-2\/#breadcrumb","itemListElement":[{"@type":"ListItem","position":1,"name":"Accueil","item":"https:\/\/yoann-conte.com\/"},{"@type":"ListItem","position":2,"name":"Bastien Debono &#8211; Sommelier de l\u2019Ann\u00e9e 2025 par le guide Gault&#038;Millau"}]},{"@type":"WebSite","@id":"https:\/\/yoann-conte.com\/#website","url":"https:\/\/yoann-conte.com\/","name":"Yoann Conte, un lieu embl\u00e9matique \u00e0 Veyrier-du-lac, o\u00f9 se rencontrent l&#039;\u00e9l\u00e9gance de notre h\u00f4tel 5 \u00e9toiles et la cr\u00e9ativit\u00e9 d\u2019une cuisine gastronomique 2 \u00e9toiles, au c\u0153ur d\u2019un cadre naturel exceptionnel.","description":"Gastronomic restaurant in Annecy, Yoann Conte","potentialAction":[{"@type":"SearchAction","target":{"@type":"EntryPoint","urlTemplate":"https:\/\/yoann-conte.com\/?s={search_term_string}"},"query-input":{"@type":"PropertyValueSpecification","valueRequired":true,"valueName":"search_term_string"}}],"inLanguage":"en-GB"},{"@type":"Person","@id":"https:\/\/yoann-conte.com\/#\/schema\/person\/e6a6a08a8e15dc6ba3174c7012722169","name":"Marion SEMENOL","image":{"@type":"ImageObject","inLanguage":"en-GB","@id":"https:\/\/secure.gravatar.com\/avatar\/d96c083a2b88daa57e45c96c0573fa7fbb4b2afff4c465c03e481011cb916fab?s=96&d=mm&r=g","url":"https:\/\/secure.gravatar.com\/avatar\/d96c083a2b88daa57e45c96c0573fa7fbb4b2afff4c465c03e481011cb916fab?s=96&d=mm&r=g","contentUrl":"https:\/\/secure.gravatar.com\/avatar\/d96c083a2b88daa57e45c96c0573fa7fbb4b2afff4c465c03e481011cb916fab?s=96&d=mm&r=g","caption":"Marion SEMENOL"},"url":"https:\/\/yoann-conte.com\/en\/author\/anna\/"}]}},"_links":{"self":[{"href":"https:\/\/yoann-conte.com\/en\/wp-json\/wp\/v2\/posts\/33118","targetHints":{"allow":["GET"]}}],"collection":[{"href":"https:\/\/yoann-conte.com\/en\/wp-json\/wp\/v2\/posts"}],"about":[{"href":"https:\/\/yoann-conte.com\/en\/wp-json\/wp\/v2\/types\/post"}],"author":[{"embeddable":true,"href":"https:\/\/yoann-conte.com\/en\/wp-json\/wp\/v2\/users\/3"}],"replies":[{"embeddable":true,"href":"https:\/\/yoann-conte.com\/en\/wp-json\/wp\/v2\/comments?post=33118"}],"version-history":[{"count":0,"href":"https:\/\/yoann-conte.com\/en\/wp-json\/wp\/v2\/posts\/33118\/revisions"}],"wp:featuredmedia":[{"embeddable":true,"href":"https:\/\/yoann-conte.com\/en\/wp-json\/wp\/v2\/media\/33119"}],"wp:attachment":[{"href":"https:\/\/yoann-conte.com\/en\/wp-json\/wp\/v2\/media?parent=33118"}],"wp:term":[{"taxonomy":"category","embeddable":true,"href":"https:\/\/yoann-conte.com\/en\/wp-json\/wp\/v2\/categories?post=33118"},{"taxonomy":"post_tag","embeddable":true,"href":"https:\/\/yoann-conte.com\/en\/wp-json\/wp\/v2\/tags?post=33118"}],"curies":[{"name":"wp","href":"https:\/\/api.w.org\/{rel}","templated":true}]}}