{"id":31677,"date":"2024-03-26T14:09:44","date_gmt":"2024-03-26T13:09:44","guid":{"rendered":"https:\/\/yoann-conte.com\/?p=31677"},"modified":"2024-03-28T17:11:52","modified_gmt":"2024-03-28T16:11:52","slug":"la-maison-baud","status":"publish","type":"post","link":"https:\/\/yoann-conte.com\/en\/la-maison-baud\/","title":{"rendered":"La Maison Baud"},"content":{"rendered":"<div class=\"wpb-content-wrapper\"><div data-vc-full-width=\"true\" data-vc-full-width-init=\"false\" data-vc-stretch-content=\"true\" class=\"vc_row wpb_row vc_row-fluid mpc-row\"><div class=\"wpb_column vc_column_container vc_col-sm-2 mpc-column\" data-column-id=\"mpc_column-1969eeee06a92b7\"><div class=\"vc_column-inner\"><div class=\"wpb_wrapper\"><\/div><\/div><\/div><div class=\"wpb_column vc_column_container vc_col-sm-8 mpc-column\" data-column-id=\"mpc_column-4669eeee06aa324\"><div class=\"vc_column-inner\"><div class=\"wpb_wrapper\">\n\t<div class=\"wpb_text_column wpb_content_element\">\n\t\t<div class=\"wpb_wrapper\">\n\t\t\t<p><span style=\"font-size: 14pt; font-family: brandon; color: #999999;\"><a style=\"color: #999999;\" href=\"https:\/\/yoann-conte.com\/producteurs\/\"><span style=\"font-family: bon-vivant-bold;\">&lt; Retour<\/span><\/a><\/span><\/p>\n\n\t\t<\/div>\n\t<\/div>\n<div class=\"vc_empty_space\" style=\"height: 16px\"><span class=\"vc_empty_space_inner\"><\/span><\/div>\n\t<div class=\"wpb_single_image wpb_content_element vc_align_left wpb_content_element\">\n\t\t\n\t\t<figure class=\"wpb_wrapper vc_figure\">\n\t\t\t<div class=\"vc_single_image-wrapper   vc_box_border_grey\"><img loading=\"lazy\" decoding=\"async\" width=\"2100\" height=\"1253\" src=\"https:\/\/yoann-conte.com\/wp-content\/uploads\/2024\/03\/DSF0484-e1711454310681.jpg\" class=\"vc_single_image-img attachment-full\" alt=\"\" title=\"_DSF0484\" srcset=\"https:\/\/yoann-conte.com\/wp-content\/uploads\/2024\/03\/DSF0484-e1711454310681.jpg 2100w, https:\/\/yoann-conte.com\/wp-content\/uploads\/2024\/03\/DSF0484-e1711454310681-1280x720.jpg 1280w, https:\/\/yoann-conte.com\/wp-content\/uploads\/2024\/03\/DSF0484-e1711454310681-980x551.jpg 980w, https:\/\/yoann-conte.com\/wp-content\/uploads\/2024\/03\/DSF0484-e1711454310681-480x270.jpg 480w\" sizes=\"(min-width: 0px) and (max-width: 480px) 480px, (min-width: 481px) and (max-width: 980px) 980px, (min-width: 981px) and (max-width: 1280px) 1280px, (min-width: 1281px) 2100px, 100vw\"><\/div>\n\t\t<\/figure>\n\t<\/div>\n<\/div><\/div><\/div><div class=\"wpb_column vc_column_container vc_col-sm-2 mpc-column\" data-column-id=\"mpc_column-9769eeee06aa44e\"><div class=\"vc_column-inner\"><div class=\"wpb_wrapper\"><\/div><\/div><\/div><\/div><div class=\"vc_row-full-width vc_clearfix\"><\/div><div data-vc-full-width=\"true\" data-vc-full-width-init=\"false\" data-vc-stretch-content=\"true\" class=\"vc_row wpb_row vc_row-fluid vc_custom_1689169309916 vc_row-o-equal-height vc_row-flex mpc-row\"><div class=\"wpb_column vc_column_container vc_col-sm-12 mpc-column\" data-column-id=\"mpc_column-669eeee06acdcd\"><div class=\"vc_column-inner vc_custom_1689173610484\"><div class=\"wpb_wrapper\"><div class=\"vc_row wpb_row vc_inner vc_row-fluid mpc-row\"><div class=\"wpb_column vc_column_container vc_col-sm-2 mpc-column\" data-column-id=\"mpc_column-1169eeee06aa953\"><div class=\"vc_column-inner\"><div class=\"wpb_wrapper\"><\/div><\/div><\/div><div class=\"wpb_column vc_column_container vc_col-sm-8 mpc-column\" data-column-id=\"mpc_column-6169eeee06aadf5\"><div class=\"vc_column-inner\"><div class=\"wpb_wrapper\">\n\t<div class=\"wpb_text_column wpb_content_element\">\n\t\t<div class=\"wpb_wrapper\">\n\t\t\t<h1 class=\"detailActuTitre\" style=\"text-align: center;\"><span style=\"font-size: 36pt; font-family: bon-vivant-bold;\">Maxence Baud<\/span><\/h1>\n\n\t\t<\/div>\n\t<\/div>\n\n\t<div class=\"wpb_text_column wpb_content_element\">\n\t\t<div class=\"wpb_wrapper\">\n\t\t\t<p style=\"text-align: center; font-family: Brother Home;\">10 octobre 2023<\/p>\n\n\t\t<\/div>\n\t<\/div>\n\n\t<div class=\"wpb_text_column wpb_content_element\">\n\t\t<div class=\"wpb_wrapper\">\n\t\t\t<p style=\"text-align: center;\"><span style=\"font-family: brandon; font-size: 14pt;\">Maxence Baud incarne la quintessence de la Maison Baud, un domaine d&eacute;di&eacute; &agrave; la confection de charcuteries et de salaisons d&rsquo;exception. Au c&oelig;ur de leurs pr&eacute;occupations, la recherche du go&ucirc;t parfait pr&eacute;side &agrave; leurs engagements, &agrave; travers des valeurs fortes et un savoir-faire ancestral.<\/span><\/p>\n\n\t\t<\/div>\n\t<\/div>\n<div class=\"vc_btn3-container vc_btn3-center vc_do_btn\"><a class=\"vc_general vc_btn3 vc_btn3-size-md vc_btn3-shape-rounded vc_btn3-style-modern vc_btn3-color-black\" href=\"https:\/\/www.maison-baud.fr\/\" title=\"\" target=\"_blank\">Visiter leur site<\/a><\/div><\/div><\/div><\/div><div class=\"wpb_column vc_column_container vc_col-sm-2 mpc-column\" data-column-id=\"mpc_column-6569eeee06aaed0\"><div class=\"vc_column-inner\"><div class=\"wpb_wrapper\"><\/div><\/div><\/div><\/div><div class=\"vc_empty_space\" style=\"height: 32px\"><span class=\"vc_empty_space_inner\"><\/span><\/div><div class=\"vc_row wpb_row vc_inner vc_row-fluid mpc-row\"><div class=\"wpb_column vc_column_container vc_col-sm-2 mpc-column\" data-column-id=\"mpc_column-6569eeee06ab178\"><div class=\"vc_column-inner\"><div class=\"wpb_wrapper\"><\/div><\/div><\/div><div class=\"wpb_column vc_column_container vc_col-sm-4 mpc-column\" data-column-id=\"mpc_column-6369eeee06ab3c9\"><div class=\"vc_column-inner\"><div class=\"wpb_wrapper\"><div class=\"vc_empty_space\" style=\"height: 10px\"><span class=\"vc_empty_space_inner\"><\/span><\/div>\n\t<div class=\"wpb_text_column wpb_content_element\">\n\t\t<div class=\"wpb_wrapper\">\n\t\t\t<p><span style=\"font-family: brandon; font-size: 14pt;\"><span style=\"font-family: bon-vivant-serif; font-size: 24pt;\">L<\/span>a Maison Baud, &eacute;minente dans l&rsquo;univers gastronomique, incarne l&rsquo;excellence &agrave; travers ses valeurs fondamentales profond&eacute;ment enracin&eacute;es dans le respect du <strong>Temps<\/strong>, la poursuite de la <strong>Qualit&eacute; et de l&rsquo;Authenticit&eacute;<\/strong>, l&rsquo;engagement envers l&rsquo;<strong>Innovation<\/strong>, et un &eacute;quilibre entre l&rsquo;ancrage<strong> Local<\/strong> et l&rsquo;<strong>Ouverture sur le monde<\/strong>.<\/span><\/p>\n<p><span style=\"font-family: brandon; font-size: 14pt;\">Le <strong>Temps<\/strong> y est consid&eacute;r&eacute; non pas comme un ennemi, mais comme un alli&eacute; essentiel. La patience et l&rsquo;attention m&eacute;ticuleuse accord&eacute;es &agrave; la maturation de chaque produit d&eacute;finissent la signature gustative de la Maison, surpassant souvent les standards &eacute;tablis pour atteindre une excellence in&eacute;gal&eacute;e.<\/span><\/p>\n<p><span style=\"font-family: brandon; font-size: 14pt;\">La <strong>Qualit&eacute; et l&rsquo;Authenticit&eacute;<\/strong> sont le c&oelig;ur battant de leur philosophie. Refusant tout compromis, la Maison Baud s&eacute;lectionne avec rigueur ses mati&egrave;res premi&egrave;res, composant ses m&eacute;langes de sel et d&rsquo;&eacute;pices avec une pr&eacute;cision quasi-artisanale.<\/span><\/p>\n<p><span style=\"font-size: 14pt; font-family: brandon;\"><strong>Innovation<\/strong> rime avec perfection pour la Maison Baud. Au-del&agrave; du choix scrupuleux des ingr&eacute;dients et des techniques d&rsquo;affinage, chaque processus est impr&eacute;gn&eacute; d&rsquo;une qu&ecirc;te constante d&rsquo;am&eacute;lioration et de renouvellement, illustrant leur passion pour l&rsquo;excellence culinaire.<\/span><\/p>\n<p><span style=\"font-size: 14pt; font-family: brandon;\">Finalement, leur engagement envers le <strong>Local et l&rsquo;Ouverture<\/strong> t&eacute;moigne d&rsquo;une conscience aigu&euml; que la qualit&eacute; transcende les fronti&egrave;res. Tout en valorisant les produits locaux, la Maison n&rsquo;h&eacute;site pas &agrave; &eacute;largir ses horizons pour incorporer des saveurs authentiques provenant des quatre coins du monde, enrichissant ainsi sa palette gustative.<\/span><\/p>\n<p><span style=\"font-size: 14pt; font-family: brandon;\">Ainsi, les valeurs de la Maison Baud tissent ensemble <strong>tradition et modernit&eacute;<\/strong>,<strong> local et global<\/strong>, dans une harmonie qui se refl&egrave;te dans chacun de leurs produits d&rsquo;exception.<\/span><\/p>\n\n\t\t<\/div>\n\t<\/div>\n<\/div><\/div><\/div><div class=\"wpb_column vc_column_container vc_col-sm-4 mpc-column\" data-column-id=\"mpc_column-2169eeee06ac9a0\"><div class=\"vc_column-inner\"><div class=\"wpb_wrapper\">\n\t<div class=\"wpb_single_image wpb_content_element vc_align_left wpb_content_element\">\n\t\t\n\t\t<figure class=\"wpb_wrapper vc_figure\">\n\t\t\t<div class=\"vc_single_image-wrapper   vc_box_border_grey\"><img loading=\"lazy\" decoding=\"async\" width=\"2100\" height=\"1575\" src=\"https:\/\/yoann-conte.com\/wp-content\/uploads\/2024\/03\/DSF0405.jpg\" class=\"vc_single_image-img attachment-full\" alt=\"\" title=\"_DSF0405\" srcset=\"https:\/\/yoann-conte.com\/wp-content\/uploads\/2024\/03\/DSF0405.jpg 2100w, https:\/\/yoann-conte.com\/wp-content\/uploads\/2024\/03\/DSF0405-1280x960.jpg 1280w, https:\/\/yoann-conte.com\/wp-content\/uploads\/2024\/03\/DSF0405-980x735.jpg 980w, https:\/\/yoann-conte.com\/wp-content\/uploads\/2024\/03\/DSF0405-480x360.jpg 480w\" sizes=\"(min-width: 0px) and (max-width: 480px) 480px, (min-width: 481px) and (max-width: 980px) 980px, (min-width: 981px) and (max-width: 1280px) 1280px, (min-width: 1281px) 2100px, 100vw\"><\/div>\n\t\t<\/figure>\n\t<\/div>\n\n\t<div class=\"wpb_single_image wpb_content_element vc_align_left wpb_content_element vc_custom_1711458042725\">\n\t\t\n\t\t<figure class=\"wpb_wrapper vc_figure\">\n\t\t\t<div class=\"vc_single_image-wrapper   vc_box_border_grey\"><img loading=\"lazy\" decoding=\"async\" width=\"1024\" height=\"768\" src=\"https:\/\/yoann-conte.com\/wp-content\/uploads\/2024\/03\/DSF0387-1024x768.jpg\" class=\"vc_single_image-img attachment-large\" alt=\"\" title=\"_DSF0387\" srcset=\"https:\/\/yoann-conte.com\/wp-content\/uploads\/2024\/03\/DSF0387-980x735.jpg 980w, https:\/\/yoann-conte.com\/wp-content\/uploads\/2024\/03\/DSF0387-480x360.jpg 480w\" sizes=\"(min-width: 0px) and (max-width: 480px) 480px, (min-width: 481px) and (max-width: 980px) 980px, (min-width: 981px) 1024px, 100vw\"><\/div>\n\t\t<\/figure>\n\t<\/div>\n<\/div><\/div><\/div><div class=\"wpb_column vc_column_container vc_col-sm-2 mpc-column\" data-column-id=\"mpc_column-5569eeee06aca98\"><div class=\"vc_column-inner\"><div class=\"wpb_wrapper\"><\/div><\/div><\/div><\/div><div class=\"vc_empty_space\" style=\"height: 50px\"><span class=\"vc_empty_space_inner\"><\/span><\/div><\/div><\/div><\/div><\/div><div class=\"vc_row-full-width vc_clearfix\"><\/div><div data-vc-full-width=\"true\" data-vc-full-width-init=\"false\" data-vc-stretch-content=\"true\" class=\"vc_row wpb_row vc_row-fluid vc_custom_1711641174479 mpc-row\" data-row-id=\"mpc_row-7169eeee06ae940\"><div class=\"mpc-overlay mpc-overlay--first\" data-speed=\"25\"><\/div><div class=\"wpb_column vc_column_container vc_col-sm-12 mpc-column\" data-column-id=\"mpc_column-6569eeee06ae820\"><div class=\"vc_column-inner\"><div class=\"wpb_wrapper\"><div class=\"vc_row wpb_row vc_inner vc_row-fluid mpc-row\"><div class=\"wpb_column vc_column_container vc_col-sm-2 mpc-column\" data-column-id=\"mpc_column-8969eeee06ad42a\"><div class=\"vc_column-inner\"><div class=\"wpb_wrapper\"><\/div><\/div><\/div><div class=\"wpb_column vc_column_container vc_col-sm-4 mpc-column\" data-column-id=\"mpc_column-4469eeee06adff6\"><div class=\"vc_column-inner\"><div class=\"wpb_wrapper\"><div class=\"vc_empty_space\" style=\"height: 32px\"><span class=\"vc_empty_space_inner\"><\/span><\/div>\n\t<div class=\"wpb_single_image wpb_content_element vc_align_left wpb_content_element\">\n\t\t\n\t\t<figure class=\"wpb_wrapper vc_figure\">\n\t\t\t<div class=\"vc_single_image-wrapper   vc_box_border_grey\"><img loading=\"lazy\" decoding=\"async\" width=\"2100\" height=\"1575\" src=\"https:\/\/yoann-conte.com\/wp-content\/uploads\/2024\/03\/DSF0512-1.jpg\" class=\"vc_single_image-img attachment-full\" alt=\"\" title=\"_DSF0512\" srcset=\"https:\/\/yoann-conte.com\/wp-content\/uploads\/2024\/03\/DSF0512-1.jpg 2100w, https:\/\/yoann-conte.com\/wp-content\/uploads\/2024\/03\/DSF0512-1-1280x960.jpg 1280w, https:\/\/yoann-conte.com\/wp-content\/uploads\/2024\/03\/DSF0512-1-980x735.jpg 980w, https:\/\/yoann-conte.com\/wp-content\/uploads\/2024\/03\/DSF0512-1-480x360.jpg 480w\" sizes=\"(min-width: 0px) and (max-width: 480px) 480px, (min-width: 481px) and (max-width: 980px) 980px, (min-width: 981px) and (max-width: 1280px) 1280px, (min-width: 1281px) 2100px, 100vw\"><\/div>\n\t\t<\/figure>\n\t<\/div>\n<\/div><\/div><\/div><div class=\"wpb_column vc_column_container vc_col-sm-4 mpc-column\" data-column-id=\"mpc_column-6869eeee06ae35b\"><div class=\"vc_column-inner\"><div class=\"wpb_wrapper\"><div class=\"vc_empty_space\" style=\"height: 50px\"><span class=\"vc_empty_space_inner\"><\/span><\/div>\n\t<div class=\"wpb_text_column wpb_content_element\">\n\t\t<div class=\"wpb_wrapper\">\n\t\t\t<p style=\"text-align: center;\"><span style=\"color: #ffffff;\"><strong><span style=\"font-size: 24pt; font-family: bon-vivant-serif;\"><em>Une collaboration&hellip;<\/em><\/span><\/strong><\/span><\/p>\n\n\t\t<\/div>\n\t<\/div>\n\n\t<div class=\"wpb_text_column wpb_content_element\">\n\t\t<div class=\"wpb_wrapper\">\n\t\t\t<div class=\"flex-1 overflow-hidden\">\n<div class=\"react-scroll-to-bottom--css-wzmei-79elbk h-full\">\n<div class=\"react-scroll-to-bottom--css-wzmei-1n7m0yu\">\n<div class=\"flex flex-col text-sm pb-9\">\n<div class=\"w-full text-token-text-primary\" data-testid=\"conversation-turn-40\">\n<div class=\"px-4 py-2 justify-center text-base md:gap-6 m-auto\">\n<div class=\"flex flex-1 text-base mx-auto gap-3 md:px-5 lg:px-1 xl:px-5 md:max-w-3xl lg:max-w-[40rem] xl:max-w-[48rem] group final-completion\">\n<div class=\"relative flex w-full flex-col agent-turn\">\n<div class=\"flex-col gap-1 md:gap-3\">\n<div class=\"flex flex-grow flex-col max-w-full\">\n<div class=\"min-h-[20px] text-message flex flex-col items-start gap-3 whitespace-pre-wrap break-words [.text-message+&amp;]:mt-5 overflow-x-auto\" data-message-author-role=\"assistant\" data-message-id=\"88be0cf0-d1b6-4925-9aa9-e57cfd234dfa\">\n<div class=\"markdown prose w-full break-words dark:prose-invert light\">\n<p style=\"text-align: justify;\"><span style=\"font-family: brandon; font-size: 14pt; color: #ffffff;\">La synergie entre Yoann Conte et Maxence Baud va au del&agrave; du cadre d&rsquo;une relation professionnelle classique, s&rsquo;enracinant profond&eacute;ment dans un terreau de valeurs partag&eacute;es telles que l&rsquo;authenticit&eacute; et la qu&ecirc;te constante de sommets. Cette union permet &agrave; M. Baud de fournir &agrave; la table de Y. Conte des produits de salaison et charcuteries, s&eacute;lectionn&eacute;s pour leur qualit&eacute; sup&eacute;rieure, qui s&rsquo;harmonisent avec les principes culinaires du chef.<\/span><\/p>\n<p style=\"text-align: justify;\"><span style=\"font-family: brandon; font-size: 14pt; color: #ffffff;\">&Agrave; travers leur collaboration, Maxence Baud et Yoann Conte tissent un lien unique, une ode &agrave; la puret&eacute; des saveurs et &agrave; l&rsquo;impact &eacute;motionnel de chaque cr&eacute;ation culinaire, c&eacute;l&eacute;brant une alliance o&ugrave; la passion du go&ucirc;t pr&eacute;domine.<\/span><\/p>\n<\/div>\n<\/div>\n<\/div>\n<div class=\"mt-1 flex justify-start gap-3 empty:hidden\" style=\"text-align: justify;\">\n<div class=\"text-gray-400 flex self-end lg:self-center items-center justify-center lg:justify-start mt-0 -ml-1 h-7 gap-[2px] visible\">\n<div class=\"flex\"><\/div>\n<\/div>\n<\/div>\n<div class=\"pr-2 lg:pr-0\" style=\"text-align: justify;\"><\/div>\n<\/div>\n<div class=\"absolute\" style=\"text-align: justify;\">\n<div class=\"flex w-full gap-2 items-center justify-center\"><\/div>\n<\/div>\n<\/div>\n<\/div>\n<\/div>\n<\/div>\n<\/div>\n<\/div>\n<\/div>\n<\/div>\n<div class=\"w-full pt-2 md:pt-0 dark:border-white\/20 md:border-transparent md:dark:border-transparent md:w-[calc(100%-.5rem)]\">\n<form class=\"stretch mx-2 flex flex-row gap-3 last:mb-2 md:mx-4 md:last:mb-6 lg:mx-auto lg:max-w-2xl xl:max-w-3xl\">\n<div class=\"relative flex h-full flex-1 flex-col\">\n<div class=\"absolute bottom-full left-0 right-0\" style=\"text-align: justify;\"><\/div>\n<div class=\"flex w-full items-center\" style=\"text-align: justify;\"><\/div>\n<\/div>\n<\/form>\n<\/div>\n\n\t\t<\/div>\n\t<\/div>\n<\/div><\/div><\/div><div class=\"wpb_column vc_column_container vc_col-sm-2 mpc-column\" data-column-id=\"mpc_column-1069eeee06ae459\"><div class=\"vc_column-inner\"><div class=\"wpb_wrapper\"><\/div><\/div><\/div><\/div><\/div><\/div><\/div><\/div><div class=\"vc_row-full-width vc_clearfix\"><\/div>\n<\/div>","protected":false},"excerpt":{"rendered":"<p style=\"text-align: center;\">pour l\u2019Association Les Puits du D\u00e9sert.<\/p>","protected":false},"author":3,"featured_media":31698,"comment_status":"closed","ping_status":"closed","sticky":false,"template":"","format":"standard","meta":{"_et_pb_use_builder":"","_et_pb_old_content":"","_et_gb_content_width":"","inline_featured_image":false,"footnotes":""},"categories":[49],"tags":[],"class_list":["post-31677","post","type-post","status-publish","format-standard","has-post-thumbnail","hentry","category-producteurs"],"yoast_head":"<!-- This site is optimized with the Yoast SEO plugin v27.4 - https:\/\/yoast.com\/product\/yoast-seo-wordpress\/ -->\n<title>La Maison Baud - Yoann Conte, un lieu embl\u00e9matique \u00e0 Veyrier-du-lac, o\u00f9 se rencontrent l&#039;\u00e9l\u00e9gance de notre h\u00f4tel 5 \u00e9toiles et la cr\u00e9ativit\u00e9 d\u2019une cuisine gastronomique 2 \u00e9toiles, au c\u0153ur d\u2019un cadre naturel exceptionnel.<\/title>\n<meta name=\"robots\" content=\"index, follow, max-snippet:-1, max-image-preview:large, max-video-preview:-1\" \/>\n<link rel=\"canonical\" href=\"https:\/\/yoann-conte.com\/en\/la-maison-baud\/\" \/>\n<meta property=\"og:locale\" content=\"en_GB\" \/>\n<meta property=\"og:type\" content=\"article\" \/>\n<meta property=\"og:title\" content=\"La Maison Baud - Yoann Conte, un lieu embl\u00e9matique \u00e0 Veyrier-du-lac, o\u00f9 se rencontrent l&#039;\u00e9l\u00e9gance de notre h\u00f4tel 5 \u00e9toiles et la cr\u00e9ativit\u00e9 d\u2019une cuisine gastronomique 2 \u00e9toiles, au c\u0153ur d\u2019un cadre naturel exceptionnel.\" \/>\n<meta property=\"og:description\" content=\"pour l\u2019Association Les Puits du D\u00e9sert.\" \/>\n<meta property=\"og:url\" content=\"https:\/\/yoann-conte.com\/en\/la-maison-baud\/\" \/>\n<meta property=\"og:site_name\" content=\"Yoann Conte, un lieu embl\u00e9matique \u00e0 Veyrier-du-lac, o\u00f9 se rencontrent l&#039;\u00e9l\u00e9gance de notre h\u00f4tel 5 \u00e9toiles et la cr\u00e9ativit\u00e9 d\u2019une cuisine gastronomique 2 \u00e9toiles, au c\u0153ur d\u2019un cadre naturel exceptionnel.\" \/>\n<meta property=\"article:published_time\" content=\"2024-03-26T13:09:44+00:00\" \/>\n<meta property=\"article:modified_time\" content=\"2024-03-28T16:11:52+00:00\" \/>\n<meta property=\"og:image\" content=\"https:\/\/yoann-conte.com\/wp-content\/uploads\/2024\/03\/DSF0405.jpg\" \/>\n\t<meta property=\"og:image:width\" content=\"2100\" \/>\n\t<meta property=\"og:image:height\" content=\"1575\" \/>\n\t<meta property=\"og:image:type\" content=\"image\/jpeg\" \/>\n<meta name=\"author\" content=\"Marion SEMENOL\" \/>\n<meta name=\"twitter:card\" content=\"summary_large_image\" \/>\n<meta name=\"twitter:label1\" content=\"Written by\" \/>\n\t<meta name=\"twitter:data1\" content=\"Marion SEMENOL\" \/>\n\t<meta name=\"twitter:label2\" content=\"Estimated reading time\" \/>\n\t<meta name=\"twitter:data2\" content=\"4 minutes\" \/>\n<script type=\"application\/ld+json\" class=\"yoast-schema-graph\">{\"@context\":\"https:\\\/\\\/schema.org\",\"@graph\":[{\"@type\":\"Article\",\"@id\":\"https:\\\/\\\/yoann-conte.com\\\/la-maison-baud\\\/#article\",\"isPartOf\":{\"@id\":\"https:\\\/\\\/yoann-conte.com\\\/la-maison-baud\\\/\"},\"author\":{\"name\":\"Marion SEMENOL\",\"@id\":\"https:\\\/\\\/yoann-conte.com\\\/#\\\/schema\\\/person\\\/e6a6a08a8e15dc6ba3174c7012722169\"},\"headline\":\"La Maison Baud\",\"datePublished\":\"2024-03-26T13:09:44+00:00\",\"dateModified\":\"2024-03-28T16:11:52+00:00\",\"mainEntityOfPage\":{\"@id\":\"https:\\\/\\\/yoann-conte.com\\\/la-maison-baud\\\/\"},\"wordCount\":761,\"image\":{\"@id\":\"https:\\\/\\\/yoann-conte.com\\\/la-maison-baud\\\/#primaryimage\"},\"thumbnailUrl\":\"https:\\\/\\\/yoann-conte.com\\\/wp-content\\\/uploads\\\/2024\\\/03\\\/DSF0405.jpg\",\"articleSection\":[\"Producteurs\"],\"inLanguage\":\"en-GB\"},{\"@type\":\"WebPage\",\"@id\":\"https:\\\/\\\/yoann-conte.com\\\/la-maison-baud\\\/\",\"url\":\"https:\\\/\\\/yoann-conte.com\\\/la-maison-baud\\\/\",\"name\":\"La Maison Baud - Yoann Conte, un lieu embl\u00e9matique \u00e0 Veyrier-du-lac, o\u00f9 se rencontrent l&#039;\u00e9l\u00e9gance de notre h\u00f4tel 5 \u00e9toiles et la cr\u00e9ativit\u00e9 d\u2019une cuisine gastronomique 2 \u00e9toiles, au c\u0153ur d\u2019un cadre naturel exceptionnel.\",\"isPartOf\":{\"@id\":\"https:\\\/\\\/yoann-conte.com\\\/#website\"},\"primaryImageOfPage\":{\"@id\":\"https:\\\/\\\/yoann-conte.com\\\/la-maison-baud\\\/#primaryimage\"},\"image\":{\"@id\":\"https:\\\/\\\/yoann-conte.com\\\/la-maison-baud\\\/#primaryimage\"},\"thumbnailUrl\":\"https:\\\/\\\/yoann-conte.com\\\/wp-content\\\/uploads\\\/2024\\\/03\\\/DSF0405.jpg\",\"datePublished\":\"2024-03-26T13:09:44+00:00\",\"dateModified\":\"2024-03-28T16:11:52+00:00\",\"author\":{\"@id\":\"https:\\\/\\\/yoann-conte.com\\\/#\\\/schema\\\/person\\\/e6a6a08a8e15dc6ba3174c7012722169\"},\"breadcrumb\":{\"@id\":\"https:\\\/\\\/yoann-conte.com\\\/la-maison-baud\\\/#breadcrumb\"},\"inLanguage\":\"en-GB\",\"potentialAction\":[{\"@type\":\"ReadAction\",\"target\":[\"https:\\\/\\\/yoann-conte.com\\\/la-maison-baud\\\/\"]}]},{\"@type\":\"ImageObject\",\"inLanguage\":\"en-GB\",\"@id\":\"https:\\\/\\\/yoann-conte.com\\\/la-maison-baud\\\/#primaryimage\",\"url\":\"https:\\\/\\\/yoann-conte.com\\\/wp-content\\\/uploads\\\/2024\\\/03\\\/DSF0405.jpg\",\"contentUrl\":\"https:\\\/\\\/yoann-conte.com\\\/wp-content\\\/uploads\\\/2024\\\/03\\\/DSF0405.jpg\",\"width\":2100,\"height\":1575},{\"@type\":\"BreadcrumbList\",\"@id\":\"https:\\\/\\\/yoann-conte.com\\\/la-maison-baud\\\/#breadcrumb\",\"itemListElement\":[{\"@type\":\"ListItem\",\"position\":1,\"name\":\"Accueil\",\"item\":\"https:\\\/\\\/yoann-conte.com\\\/\"},{\"@type\":\"ListItem\",\"position\":2,\"name\":\"La Maison Baud\"}]},{\"@type\":\"WebSite\",\"@id\":\"https:\\\/\\\/yoann-conte.com\\\/#website\",\"url\":\"https:\\\/\\\/yoann-conte.com\\\/\",\"name\":\"Yoann Conte, un lieu embl\u00e9matique \u00e0 Veyrier-du-lac, o\u00f9 se rencontrent l&#039;\u00e9l\u00e9gance de notre h\u00f4tel 5 \u00e9toiles et la cr\u00e9ativit\u00e9 d\u2019une cuisine gastronomique 2 \u00e9toiles, au c\u0153ur d\u2019un cadre naturel exceptionnel.\",\"description\":\"Restaurant gastronomique \u00e0 Annecy, Yoann Conte\",\"potentialAction\":[{\"@type\":\"SearchAction\",\"target\":{\"@type\":\"EntryPoint\",\"urlTemplate\":\"https:\\\/\\\/yoann-conte.com\\\/?s={search_term_string}\"},\"query-input\":{\"@type\":\"PropertyValueSpecification\",\"valueRequired\":true,\"valueName\":\"search_term_string\"}}],\"inLanguage\":\"en-GB\"},{\"@type\":\"Person\",\"@id\":\"https:\\\/\\\/yoann-conte.com\\\/#\\\/schema\\\/person\\\/e6a6a08a8e15dc6ba3174c7012722169\",\"name\":\"Marion SEMENOL\",\"image\":{\"@type\":\"ImageObject\",\"inLanguage\":\"en-GB\",\"@id\":\"https:\\\/\\\/secure.gravatar.com\\\/avatar\\\/d96c083a2b88daa57e45c96c0573fa7fbb4b2afff4c465c03e481011cb916fab?s=96&d=mm&r=g\",\"url\":\"https:\\\/\\\/secure.gravatar.com\\\/avatar\\\/d96c083a2b88daa57e45c96c0573fa7fbb4b2afff4c465c03e481011cb916fab?s=96&d=mm&r=g\",\"contentUrl\":\"https:\\\/\\\/secure.gravatar.com\\\/avatar\\\/d96c083a2b88daa57e45c96c0573fa7fbb4b2afff4c465c03e481011cb916fab?s=96&d=mm&r=g\",\"caption\":\"Marion SEMENOL\"},\"url\":\"https:\\\/\\\/yoann-conte.com\\\/en\\\/author\\\/anna\\\/\"}]}<\/script>\n<!-- \/ Yoast SEO plugin. -->","yoast_head_json":{"title":"La Maison Baud - Yoann Conte, un lieu embl\u00e9matique \u00e0 Veyrier-du-lac, o\u00f9 se rencontrent l&#039;\u00e9l\u00e9gance de notre h\u00f4tel 5 \u00e9toiles et la cr\u00e9ativit\u00e9 d\u2019une cuisine gastronomique 2 \u00e9toiles, au c\u0153ur d\u2019un cadre naturel exceptionnel.","robots":{"index":"index","follow":"follow","max-snippet":"max-snippet:-1","max-image-preview":"max-image-preview:large","max-video-preview":"max-video-preview:-1"},"canonical":"https:\/\/yoann-conte.com\/en\/la-maison-baud\/","og_locale":"en_GB","og_type":"article","og_title":"La Maison Baud - Yoann Conte, un lieu embl\u00e9matique \u00e0 Veyrier-du-lac, o\u00f9 se rencontrent l&#039;\u00e9l\u00e9gance de notre h\u00f4tel 5 \u00e9toiles et la cr\u00e9ativit\u00e9 d\u2019une cuisine gastronomique 2 \u00e9toiles, au c\u0153ur d\u2019un cadre naturel exceptionnel.","og_description":"pour l\u2019Association Les Puits du D\u00e9sert.","og_url":"https:\/\/yoann-conte.com\/en\/la-maison-baud\/","og_site_name":"Yoann Conte, un lieu embl\u00e9matique \u00e0 Veyrier-du-lac, o\u00f9 se rencontrent l&#039;\u00e9l\u00e9gance de notre h\u00f4tel 5 \u00e9toiles et la cr\u00e9ativit\u00e9 d\u2019une cuisine gastronomique 2 \u00e9toiles, au c\u0153ur d\u2019un cadre naturel exceptionnel.","article_published_time":"2024-03-26T13:09:44+00:00","article_modified_time":"2024-03-28T16:11:52+00:00","og_image":[{"width":2100,"height":1575,"url":"https:\/\/yoann-conte.com\/wp-content\/uploads\/2024\/03\/DSF0405.jpg","type":"image\/jpeg"}],"author":"Marion SEMENOL","twitter_card":"summary_large_image","twitter_misc":{"Written by":"Marion SEMENOL","Estimated reading time":"4 minutes"},"schema":{"@context":"https:\/\/schema.org","@graph":[{"@type":"Article","@id":"https:\/\/yoann-conte.com\/la-maison-baud\/#article","isPartOf":{"@id":"https:\/\/yoann-conte.com\/la-maison-baud\/"},"author":{"name":"Marion SEMENOL","@id":"https:\/\/yoann-conte.com\/#\/schema\/person\/e6a6a08a8e15dc6ba3174c7012722169"},"headline":"La Maison Baud","datePublished":"2024-03-26T13:09:44+00:00","dateModified":"2024-03-28T16:11:52+00:00","mainEntityOfPage":{"@id":"https:\/\/yoann-conte.com\/la-maison-baud\/"},"wordCount":761,"image":{"@id":"https:\/\/yoann-conte.com\/la-maison-baud\/#primaryimage"},"thumbnailUrl":"https:\/\/yoann-conte.com\/wp-content\/uploads\/2024\/03\/DSF0405.jpg","articleSection":["Producteurs"],"inLanguage":"en-GB"},{"@type":"WebPage","@id":"https:\/\/yoann-conte.com\/la-maison-baud\/","url":"https:\/\/yoann-conte.com\/la-maison-baud\/","name":"La Maison Baud - Yoann Conte, un lieu embl\u00e9matique \u00e0 Veyrier-du-lac, o\u00f9 se rencontrent l&#039;\u00e9l\u00e9gance de notre h\u00f4tel 5 \u00e9toiles et la cr\u00e9ativit\u00e9 d\u2019une cuisine gastronomique 2 \u00e9toiles, au c\u0153ur d\u2019un cadre naturel exceptionnel.","isPartOf":{"@id":"https:\/\/yoann-conte.com\/#website"},"primaryImageOfPage":{"@id":"https:\/\/yoann-conte.com\/la-maison-baud\/#primaryimage"},"image":{"@id":"https:\/\/yoann-conte.com\/la-maison-baud\/#primaryimage"},"thumbnailUrl":"https:\/\/yoann-conte.com\/wp-content\/uploads\/2024\/03\/DSF0405.jpg","datePublished":"2024-03-26T13:09:44+00:00","dateModified":"2024-03-28T16:11:52+00:00","author":{"@id":"https:\/\/yoann-conte.com\/#\/schema\/person\/e6a6a08a8e15dc6ba3174c7012722169"},"breadcrumb":{"@id":"https:\/\/yoann-conte.com\/la-maison-baud\/#breadcrumb"},"inLanguage":"en-GB","potentialAction":[{"@type":"ReadAction","target":["https:\/\/yoann-conte.com\/la-maison-baud\/"]}]},{"@type":"ImageObject","inLanguage":"en-GB","@id":"https:\/\/yoann-conte.com\/la-maison-baud\/#primaryimage","url":"https:\/\/yoann-conte.com\/wp-content\/uploads\/2024\/03\/DSF0405.jpg","contentUrl":"https:\/\/yoann-conte.com\/wp-content\/uploads\/2024\/03\/DSF0405.jpg","width":2100,"height":1575},{"@type":"BreadcrumbList","@id":"https:\/\/yoann-conte.com\/la-maison-baud\/#breadcrumb","itemListElement":[{"@type":"ListItem","position":1,"name":"Accueil","item":"https:\/\/yoann-conte.com\/"},{"@type":"ListItem","position":2,"name":"La Maison Baud"}]},{"@type":"WebSite","@id":"https:\/\/yoann-conte.com\/#website","url":"https:\/\/yoann-conte.com\/","name":"Yoann Conte, un lieu embl\u00e9matique \u00e0 Veyrier-du-lac, o\u00f9 se rencontrent l&#039;\u00e9l\u00e9gance de notre h\u00f4tel 5 \u00e9toiles et la cr\u00e9ativit\u00e9 d\u2019une cuisine gastronomique 2 \u00e9toiles, au c\u0153ur d\u2019un cadre naturel exceptionnel.","description":"Gastronomic restaurant in Annecy, Yoann Conte","potentialAction":[{"@type":"SearchAction","target":{"@type":"EntryPoint","urlTemplate":"https:\/\/yoann-conte.com\/?s={search_term_string}"},"query-input":{"@type":"PropertyValueSpecification","valueRequired":true,"valueName":"search_term_string"}}],"inLanguage":"en-GB"},{"@type":"Person","@id":"https:\/\/yoann-conte.com\/#\/schema\/person\/e6a6a08a8e15dc6ba3174c7012722169","name":"Marion SEMENOL","image":{"@type":"ImageObject","inLanguage":"en-GB","@id":"https:\/\/secure.gravatar.com\/avatar\/d96c083a2b88daa57e45c96c0573fa7fbb4b2afff4c465c03e481011cb916fab?s=96&d=mm&r=g","url":"https:\/\/secure.gravatar.com\/avatar\/d96c083a2b88daa57e45c96c0573fa7fbb4b2afff4c465c03e481011cb916fab?s=96&d=mm&r=g","contentUrl":"https:\/\/secure.gravatar.com\/avatar\/d96c083a2b88daa57e45c96c0573fa7fbb4b2afff4c465c03e481011cb916fab?s=96&d=mm&r=g","caption":"Marion SEMENOL"},"url":"https:\/\/yoann-conte.com\/en\/author\/anna\/"}]}},"_links":{"self":[{"href":"https:\/\/yoann-conte.com\/en\/wp-json\/wp\/v2\/posts\/31677","targetHints":{"allow":["GET"]}}],"collection":[{"href":"https:\/\/yoann-conte.com\/en\/wp-json\/wp\/v2\/posts"}],"about":[{"href":"https:\/\/yoann-conte.com\/en\/wp-json\/wp\/v2\/types\/post"}],"author":[{"embeddable":true,"href":"https:\/\/yoann-conte.com\/en\/wp-json\/wp\/v2\/users\/3"}],"replies":[{"embeddable":true,"href":"https:\/\/yoann-conte.com\/en\/wp-json\/wp\/v2\/comments?post=31677"}],"version-history":[{"count":0,"href":"https:\/\/yoann-conte.com\/en\/wp-json\/wp\/v2\/posts\/31677\/revisions"}],"wp:featuredmedia":[{"embeddable":true,"href":"https:\/\/yoann-conte.com\/en\/wp-json\/wp\/v2\/media\/31698"}],"wp:attachment":[{"href":"https:\/\/yoann-conte.com\/en\/wp-json\/wp\/v2\/media?parent=31677"}],"wp:term":[{"taxonomy":"category","embeddable":true,"href":"https:\/\/yoann-conte.com\/en\/wp-json\/wp\/v2\/categories?post=31677"},{"taxonomy":"post_tag","embeddable":true,"href":"https:\/\/yoann-conte.com\/en\/wp-json\/wp\/v2\/tags?post=31677"}],"curies":[{"name":"wp","href":"https:\/\/api.w.org\/{rel}","templated":true}]}}