{"id":31236,"date":"2022-10-13T15:05:13","date_gmt":"2022-10-13T13:05:13","guid":{"rendered":"https:\/\/yoann-conte.com\/?p=31236"},"modified":"2024-03-20T10:10:08","modified_gmt":"2024-03-20T09:10:08","slug":"des-artisans-dexceptions","status":"publish","type":"post","link":"https:\/\/yoann-conte.com\/en\/des-artisans-dexceptions\/","title":{"rendered":"Exceptional craftsmen"},"content":{"rendered":"<div class=\"wpb-content-wrapper\"><div data-vc-full-width=\"true\" data-vc-full-width-init=\"false\" data-vc-stretch-content=\"true\" class=\"vc_row wpb_row vc_row-fluid vc_custom_1689169309916 vc_row-o-equal-height vc_row-flex mpc-row\"><div class=\"wpb_column vc_column_container vc_col-sm-12 mpc-column\" data-column-id=\"mpc_column-2769f4ecd0d64d0\"><div class=\"vc_column-inner vc_custom_1689173610484\"><div class=\"wpb_wrapper\"><div class=\"vc_row wpb_row vc_inner vc_row-fluid mpc-row\"><div class=\"wpb_column vc_column_container vc_col-sm-2 mpc-column\" data-column-id=\"mpc_column-4669f4ecd0d1250\"><div class=\"vc_column-inner\"><div class=\"wpb_wrapper\"><\/div><\/div><\/div><div class=\"wpb_column vc_column_container vc_col-sm-8 mpc-column\" data-column-id=\"mpc_column-7269f4ecd0d154b\"><div class=\"vc_column-inner\"><div class=\"wpb_wrapper\">\n\t<div class=\"wpb_text_column wpb_content_element\">\n\t\t<div class=\"wpb_wrapper\">\n\t\t\t<h2 style=\"text-align: center;\"><span style=\"font-family: bon-vivant-bold; font-size: 24pt;\"><strong>Exceptional craftsmen<\/strong><\/span><\/h2>\n\n\t\t<\/div>\n\t<\/div>\n\n\t<div class=\"wpb_text_column wpb_content_element\">\n\t\t<div class=\"wpb_wrapper\">\n\t\t\t<p style=\"text-align: center; font-family: Brother Home;\">October 13, 2022<\/p>\n\n\t\t<\/div>\n\t<\/div>\n<\/div><\/div><\/div><div class=\"wpb_column vc_column_container vc_col-sm-2 mpc-column\" data-column-id=\"mpc_column-7669f4ecd0d1616\"><div class=\"vc_column-inner\"><div class=\"wpb_wrapper\"><\/div><\/div><\/div><\/div><div class=\"vc_row wpb_row vc_inner vc_row-fluid mpc-row\"><div class=\"wpb_column vc_column_container vc_col-sm-2 mpc-column\" data-column-id=\"mpc_column-4269f4ecd0d1891\"><div class=\"vc_column-inner\"><div class=\"wpb_wrapper\"><\/div><\/div><\/div><div class=\"wpb_column vc_column_container vc_col-sm-8 mpc-column\" data-column-id=\"mpc_column-1269f4ecd0d2877\"><div class=\"vc_column-inner\"><div class=\"wpb_wrapper\">\n\t<div class=\"wpb_single_image wpb_content_element vc_align_center wpb_content_element\">\n\t\t\n\t\t<figure class=\"wpb_wrapper vc_figure\">\n\t\t\t<div class=\"vc_single_image-wrapper vc_box_outline  vc_box_border_black\"><img loading=\"lazy\" decoding=\"async\" width=\"900\" height=\"626\" src=\"https:\/\/yoann-conte.com\/wp-content\/uploads\/2024\/03\/dsc_5947_75_fr.jpg\" class=\"vc_single_image-img attachment-full\" alt=\"\" title=\"dsc_5947_75_en\" srcset=\"https:\/\/yoann-conte.com\/wp-content\/uploads\/2024\/03\/dsc_5947_75_fr.jpg 900w, https:\/\/yoann-conte.com\/wp-content\/uploads\/2024\/03\/dsc_5947_75_fr-480x334.jpg 480w\" sizes=\"(min-width: 0px) and (max-width: 480px) 480px, (min-width: 481px) 900px, 100vw\"><\/div>\n\t\t<\/figure>\n\t<\/div>\n<\/div><\/div><\/div><div class=\"wpb_column vc_column_container vc_col-sm-2 mpc-column\" data-column-id=\"mpc_column-669f4ecd0d29df\"><div class=\"vc_column-inner\"><div class=\"wpb_wrapper\"><\/div><\/div><\/div><\/div><div class=\"vc_row wpb_row vc_inner vc_row-fluid mpc-row\"><div class=\"wpb_column vc_column_container vc_col-sm-2 mpc-column\" data-column-id=\"mpc_column-2369f4ecd0d2c5e\"><div class=\"vc_column-inner\"><div class=\"wpb_wrapper\"><\/div><\/div><\/div><div class=\"wpb_column vc_column_container vc_col-sm-8 mpc-column\" data-column-id=\"mpc_column-9169f4ecd0d2ec4\"><div class=\"vc_column-inner\"><div class=\"wpb_wrapper\">\n\t<div class=\"wpb_text_column wpb_content_element\">\n\t\t<div class=\"wpb_wrapper\">\n\t\t\t<h3 style=\"text-align: center;\"><span style=\"font-family: bon-vivant-bold; font-size: 18pt;\">Close to nature<\/span><\/h3>\n\n\t\t<\/div>\n\t<\/div>\n\n\t<div class=\"wpb_text_column wpb_content_element\">\n\t\t<div class=\"wpb_wrapper\">\n\t\t\t<p style=\"text-align: justify;\"><span style=\"font-family: brandon; font-size: 14pt;\">For some years now, the environment has been one of the most sensitive issues of our daily lives. Today's hotel must anticipate tomorrow's, growing and evolving with respect for nature and the environment. Being ecological is neither a vocation nor a way of life; it's a commitment on everyone's part to give back to the earth in an ethical way, by implementing eco-responsible measures. Beyond the values we wish to convey, such as generosity, respect and benevolence, we advocate values such as authenticity, the raw nature of the elements and know-how. It was thanks to this reflection and a stroke of fate that we met Beno\u00eet Vauthier and Manu Lerendu, two sculptors, cabinet-makers and creators of unique and fascinating objects. Based in the Vosges department of France, these artists and designers have worked with us to create pieces with the same ethical values. Unique, sustainable creations that respect the environment. We present our tables made from solid walnut wood. Unique, hand-carved craftsmanship. The Chef has imagined a universe where the interior of the gastronomic room is transformed into a sensory environment, a landscape of small mountain ranges. An invitation to travel, to get closer to nature. Chef Yoann Conte takes you back to the mountains of his childhood. A climb to the highest peaks of the Alps and Mont Blanc. As in the good old days, here we take our time and let ourselves be transported.<\/span><\/p>\n\n\t\t<\/div>\n\t<\/div>\n<\/div><\/div><\/div><div class=\"wpb_column vc_column_container vc_col-sm-2 mpc-column\" data-column-id=\"mpc_column-4369f4ecd0d2f9d\"><div class=\"vc_column-inner\"><div class=\"wpb_wrapper\"><\/div><\/div><\/div><\/div><div class=\"vc_row wpb_row vc_inner vc_row-fluid mpc-row\"><div class=\"wpb_column vc_column_container vc_col-sm-2 mpc-column\" data-column-id=\"mpc_column-9569f4ecd0d3230\"><div class=\"vc_column-inner\"><div class=\"wpb_wrapper\"><\/div><\/div><\/div><div class=\"wpb_column vc_column_container vc_col-sm-8 mpc-column\" data-column-id=\"mpc_column-669f4ecd0d3d4d\"><div class=\"vc_column-inner\"><div class=\"wpb_wrapper\">\n\t<div class=\"wpb_single_image wpb_content_element vc_align_center wpb_content_element\">\n\t\t\n\t\t<figure class=\"wpb_wrapper vc_figure\">\n\t\t\t<div class=\"vc_single_image-wrapper vc_box_outline  vc_box_border_black\"><img loading=\"lazy\" decoding=\"async\" width=\"1024\" height=\"712\" src=\"https:\/\/yoann-conte.com\/wp-content\/uploads\/2024\/03\/DSC_5947.jpg\" class=\"vc_single_image-img attachment-full\" alt=\"\" title=\"DSC_5947\" srcset=\"https:\/\/yoann-conte.com\/wp-content\/uploads\/2024\/03\/DSC_5947.jpg 1024w, https:\/\/yoann-conte.com\/wp-content\/uploads\/2024\/03\/DSC_5947-980x681.jpg 980w, https:\/\/yoann-conte.com\/wp-content\/uploads\/2024\/03\/DSC_5947-480x334.jpg 480w\" sizes=\"(min-width: 0px) and (max-width: 480px) 480px, (min-width: 481px) and (max-width: 980px) 980px, (min-width: 981px) 1024px, 100vw\"><\/div>\n\t\t<\/figure>\n\t<\/div>\n<\/div><\/div><\/div><div class=\"wpb_column vc_column_container vc_col-sm-2 mpc-column\" data-column-id=\"mpc_column-3969f4ecd0d3e26\"><div class=\"vc_column-inner\"><div class=\"wpb_wrapper\"><\/div><\/div><\/div><\/div><div class=\"vc_row wpb_row vc_inner vc_row-fluid mpc-row\"><div class=\"wpb_column vc_column_container vc_col-sm-2 mpc-column\" data-column-id=\"mpc_column-6669f4ecd0d402e\"><div class=\"vc_column-inner\"><div class=\"wpb_wrapper\"><\/div><\/div><\/div><div class=\"wpb_column vc_column_container vc_col-sm-8 mpc-column\" data-column-id=\"mpc_column-2669f4ecd0d424a\"><div class=\"vc_column-inner\"><div class=\"wpb_wrapper\">\n\t<div class=\"wpb_text_column wpb_content_element\">\n\t\t<div class=\"wpb_wrapper\">\n\t\t\t<h3 style=\"text-align: center;\"><span style=\"font-family: bon-vivant-bold; font-size: 18pt;\">Our environmental approach<\/span><\/h3>\n\n\t\t<\/div>\n\t<\/div>\n\n\t<div class=\"wpb_text_column wpb_content_element\">\n\t\t<div class=\"wpb_wrapper\">\n\t\t\t<p style=\"text-align: justify;\"><span style=\"font-size: 14pt; font-family: brandon;\">Table design is also linked to room service and the comfort of our staff. Tables without tablecloths save ironing time and set-up time. In terms of ecology, energy consumption linked to water and electricity is no longer necessary, saving over 30,000 liters of water and more than 200 Kwats per year. The wood used to manufacture the tables comes exclusively from local timber species, specifically from the Is\u00e8re region near Grenoble. All our sawmills are E.P.V. (Entreprises du Patrimoine Vivant) certified, which means they comply with P.E. and F.S.C. standards. The oil finish on our tables also meets Ecolabel FR\/044\/011 standards, and is certified C.OV-free.<\/span><\/p>\n\n\t\t<\/div>\n\t<\/div>\n<\/div><\/div><\/div><div class=\"wpb_column vc_column_container vc_col-sm-2 mpc-column\" data-column-id=\"mpc_column-2769f4ecd0d4313\"><div class=\"vc_column-inner\"><div class=\"wpb_wrapper\"><\/div><\/div><\/div><\/div><div class=\"vc_row wpb_row vc_inner vc_row-fluid vc_custom_1689172135668 mpc-row\"><div class=\"wpb_column vc_column_container vc_col-sm-2 mpc-column\" data-column-id=\"mpc_column-2969f4ecd0d4526\"><div class=\"vc_column-inner\"><div class=\"wpb_wrapper\"><\/div><\/div><\/div><div class=\"wpb_column vc_column_container vc_col-sm-8 mpc-column\" data-column-id=\"mpc_column-3669f4ecd0d4fb6\"><div class=\"vc_column-inner\"><div class=\"wpb_wrapper\">\n\t<div class=\"wpb_single_image wpb_content_element vc_align_center wpb_content_element\">\n\t\t\n\t\t<figure class=\"wpb_wrapper vc_figure\">\n\t\t\t<div class=\"vc_single_image-wrapper vc_box_outline  vc_box_border_black\"><img loading=\"lazy\" decoding=\"async\" width=\"1024\" height=\"682\" src=\"https:\/\/yoann-conte.com\/wp-content\/uploads\/2024\/03\/DSC_5940.jpg\" class=\"vc_single_image-img attachment-full\" alt=\"\" title=\"DSC_5940\" srcset=\"https:\/\/yoann-conte.com\/wp-content\/uploads\/2024\/03\/DSC_5940.jpg 1024w, https:\/\/yoann-conte.com\/wp-content\/uploads\/2024\/03\/DSC_5940-980x653.jpg 980w, https:\/\/yoann-conte.com\/wp-content\/uploads\/2024\/03\/DSC_5940-480x320.jpg 480w\" sizes=\"(min-width: 0px) and (max-width: 480px) 480px, (min-width: 481px) and (max-width: 980px) 980px, (min-width: 981px) 1024px, 100vw\"><\/div>\n\t\t<\/figure>\n\t<\/div>\n<\/div><\/div><\/div><div class=\"wpb_column vc_column_container vc_col-sm-2 mpc-column\" data-column-id=\"mpc_column-7669f4ecd0d5089\"><div class=\"vc_column-inner\"><div class=\"wpb_wrapper\"><\/div><\/div><\/div><\/div><div class=\"vc_row wpb_row vc_inner vc_row-fluid vc_custom_1689169272262 mpc-row\"><div class=\"wpb_column vc_column_container vc_col-sm-2 mpc-column\" data-column-id=\"mpc_column-4269f4ecd0d528a\"><div class=\"vc_column-inner\"><div class=\"wpb_wrapper\"><\/div><\/div><\/div><div class=\"wpb_column vc_column_container vc_col-sm-8 mpc-column\" data-column-id=\"mpc_column-1869f4ecd0d5485\"><div class=\"vc_column-inner\"><div class=\"wpb_wrapper\">\n\t<div class=\"wpb_text_column wpb_content_element\">\n\t\t<div class=\"wpb_wrapper\">\n\t\t\t<h3 style=\"text-align: center;\"><span style=\"font-family: bon-vivant-bold; font-size: 18pt;\">One, reconnect to our earth<\/span><\/h3>\n\n\t\t<\/div>\n\t<\/div>\n\n\t<div class=\"wpb_text_column wpb_content_element\">\n\t\t<div class=\"wpb_wrapper\">\n\t\t\t<p style=\"text-align: justify;\"><span style=\"font-family: brandon; font-size: 14pt;\">Our various changes have enabled us to create an ecological transition towards a more sustainable future, improving the management of our resources for a greener alternative.<\/span><\/p>\n\n\t\t<\/div>\n\t<\/div>\n<\/div><\/div><\/div><div class=\"wpb_column vc_column_container vc_col-sm-2 mpc-column\" data-column-id=\"mpc_column-2269f4ecd0d5546\"><div class=\"vc_column-inner\"><div class=\"wpb_wrapper\"><\/div><\/div><\/div><\/div><div class=\"vc_row wpb_row vc_inner vc_row-fluid vc_custom_1689169272262 mpc-row\"><div class=\"wpb_column vc_column_container vc_col-sm-2 mpc-column\" data-column-id=\"mpc_column-8169f4ecd0d572f\"><div class=\"vc_column-inner\"><div class=\"wpb_wrapper\"><\/div><\/div><\/div><div class=\"wpb_column vc_column_container vc_col-sm-8 mpc-column\" data-column-id=\"mpc_column-369f4ecd0d6193\"><div class=\"vc_column-inner\"><div class=\"wpb_wrapper\">\n\t<div class=\"wpb_single_image wpb_content_element vc_align_center wpb_content_element\">\n\t\t\n\t\t<figure class=\"wpb_wrapper vc_figure\">\n\t\t\t<div class=\"vc_single_image-wrapper vc_box_outline  vc_box_border_black\"><img loading=\"lazy\" decoding=\"async\" width=\"1024\" height=\"582\" src=\"https:\/\/yoann-conte.com\/wp-content\/uploads\/2024\/03\/DSC_5959.jpg\" class=\"vc_single_image-img attachment-full\" alt=\"\" title=\"DSC_5959\" srcset=\"https:\/\/yoann-conte.com\/wp-content\/uploads\/2024\/03\/DSC_5959.jpg 1024w, https:\/\/yoann-conte.com\/wp-content\/uploads\/2024\/03\/DSC_5959-980x557.jpg 980w, https:\/\/yoann-conte.com\/wp-content\/uploads\/2024\/03\/DSC_5959-480x273.jpg 480w\" sizes=\"(min-width: 0px) and (max-width: 480px) 480px, (min-width: 481px) and (max-width: 980px) 980px, (min-width: 981px) 1024px, 100vw\"><\/div>\n\t\t<\/figure>\n\t<\/div>\n<\/div><\/div><\/div><div class=\"wpb_column vc_column_container vc_col-sm-2 mpc-column\" data-column-id=\"mpc_column-1669f4ecd0d6265\"><div class=\"vc_column-inner\"><div class=\"wpb_wrapper\"><\/div><\/div><\/div><\/div><\/div><\/div><\/div><\/div><div class=\"vc_row-full-width vc_clearfix\"><\/div>\n<\/div>","protected":false},"excerpt":{"rendered":"<p style=\"text-align: center;\">pour l\u2019Association Les Puits du D\u00e9sert.<\/p>","protected":false},"author":3,"featured_media":31330,"comment_status":"closed","ping_status":"closed","sticky":false,"template":"","format":"standard","meta":{"_et_pb_use_builder":"","_et_pb_old_content":"","_et_gb_content_width":"","inline_featured_image":false,"footnotes":""},"categories":[6],"tags":[],"class_list":["post-31236","post","type-post","status-publish","format-standard","has-post-thumbnail","hentry","category-news"],"yoast_head":"<!-- This site is optimized with the Yoast SEO plugin v27.5 - https:\/\/yoast.com\/product\/yoast-seo-wordpress\/ -->\n<title>Des artisans d&#039;exceptions - Yoann Conte, un lieu embl\u00e9matique \u00e0 Veyrier-du-lac, o\u00f9 se rencontrent l&#039;\u00e9l\u00e9gance de notre h\u00f4tel 5 \u00e9toiles et la cr\u00e9ativit\u00e9 d\u2019une cuisine gastronomique 2 \u00e9toiles, au c\u0153ur d\u2019un cadre naturel exceptionnel.<\/title>\n<meta name=\"robots\" content=\"index, follow, max-snippet:-1, max-image-preview:large, max-video-preview:-1\" \/>\n<link rel=\"canonical\" href=\"https:\/\/yoann-conte.com\/en\/des-artisans-dexceptions\/\" \/>\n<meta property=\"og:locale\" content=\"en_GB\" \/>\n<meta property=\"og:type\" content=\"article\" \/>\n<meta property=\"og:title\" content=\"Des artisans d&#039;exceptions - Yoann Conte, un lieu embl\u00e9matique \u00e0 Veyrier-du-lac, o\u00f9 se rencontrent l&#039;\u00e9l\u00e9gance de notre h\u00f4tel 5 \u00e9toiles et la cr\u00e9ativit\u00e9 d\u2019une cuisine gastronomique 2 \u00e9toiles, au c\u0153ur d\u2019un cadre naturel exceptionnel.\" \/>\n<meta property=\"og:description\" content=\"pour l\u2019Association Les Puits du D\u00e9sert.\" \/>\n<meta property=\"og:url\" content=\"https:\/\/yoann-conte.com\/en\/des-artisans-dexceptions\/\" \/>\n<meta property=\"og:site_name\" content=\"Yoann Conte, un lieu embl\u00e9matique \u00e0 Veyrier-du-lac, o\u00f9 se rencontrent l&#039;\u00e9l\u00e9gance de notre h\u00f4tel 5 \u00e9toiles et la cr\u00e9ativit\u00e9 d\u2019une cuisine gastronomique 2 \u00e9toiles, au c\u0153ur d\u2019un cadre naturel exceptionnel.\" \/>\n<meta property=\"article:published_time\" content=\"2022-10-13T13:05:13+00:00\" \/>\n<meta property=\"article:modified_time\" content=\"2024-03-20T09:10:08+00:00\" \/>\n<meta property=\"og:image\" content=\"https:\/\/yoann-conte.com\/wp-content\/uploads\/2024\/03\/dsc_5947_75_fr.jpg\" \/>\n\t<meta property=\"og:image:width\" content=\"900\" \/>\n\t<meta property=\"og:image:height\" content=\"626\" \/>\n\t<meta property=\"og:image:type\" content=\"image\/jpeg\" \/>\n<meta name=\"author\" content=\"Marion SEMENOL\" \/>\n<meta name=\"twitter:card\" content=\"summary_large_image\" \/>\n<meta name=\"twitter:label1\" content=\"Written by\" \/>\n\t<meta name=\"twitter:data1\" content=\"Marion SEMENOL\" \/>\n\t<meta name=\"twitter:label2\" content=\"Estimated reading time\" \/>\n\t<meta name=\"twitter:data2\" content=\"4 minutes\" \/>\n<script type=\"application\/ld+json\" class=\"yoast-schema-graph\">{\"@context\":\"https:\\\/\\\/schema.org\",\"@graph\":[{\"@type\":\"Article\",\"@id\":\"https:\\\/\\\/yoann-conte.com\\\/des-artisans-dexceptions\\\/#article\",\"isPartOf\":{\"@id\":\"https:\\\/\\\/yoann-conte.com\\\/des-artisans-dexceptions\\\/\"},\"author\":{\"name\":\"Marion SEMENOL\",\"@id\":\"https:\\\/\\\/yoann-conte.com\\\/#\\\/schema\\\/person\\\/e6a6a08a8e15dc6ba3174c7012722169\"},\"headline\":\"Des artisans d&rsquo;exceptions\",\"datePublished\":\"2022-10-13T13:05:13+00:00\",\"dateModified\":\"2024-03-20T09:10:08+00:00\",\"mainEntityOfPage\":{\"@id\":\"https:\\\/\\\/yoann-conte.com\\\/des-artisans-dexceptions\\\/\"},\"wordCount\":888,\"image\":{\"@id\":\"https:\\\/\\\/yoann-conte.com\\\/des-artisans-dexceptions\\\/#primaryimage\"},\"thumbnailUrl\":\"https:\\\/\\\/yoann-conte.com\\\/wp-content\\\/uploads\\\/2024\\\/03\\\/dsc_5947_75_fr.jpg\",\"articleSection\":[\"News\"],\"inLanguage\":\"en-GB\"},{\"@type\":\"WebPage\",\"@id\":\"https:\\\/\\\/yoann-conte.com\\\/des-artisans-dexceptions\\\/\",\"url\":\"https:\\\/\\\/yoann-conte.com\\\/des-artisans-dexceptions\\\/\",\"name\":\"Des artisans d'exceptions - Yoann Conte, un lieu embl\u00e9matique \u00e0 Veyrier-du-lac, o\u00f9 se rencontrent l&#039;\u00e9l\u00e9gance de notre h\u00f4tel 5 \u00e9toiles et la cr\u00e9ativit\u00e9 d\u2019une cuisine gastronomique 2 \u00e9toiles, au c\u0153ur d\u2019un cadre naturel exceptionnel.\",\"isPartOf\":{\"@id\":\"https:\\\/\\\/yoann-conte.com\\\/#website\"},\"primaryImageOfPage\":{\"@id\":\"https:\\\/\\\/yoann-conte.com\\\/des-artisans-dexceptions\\\/#primaryimage\"},\"image\":{\"@id\":\"https:\\\/\\\/yoann-conte.com\\\/des-artisans-dexceptions\\\/#primaryimage\"},\"thumbnailUrl\":\"https:\\\/\\\/yoann-conte.com\\\/wp-content\\\/uploads\\\/2024\\\/03\\\/dsc_5947_75_fr.jpg\",\"datePublished\":\"2022-10-13T13:05:13+00:00\",\"dateModified\":\"2024-03-20T09:10:08+00:00\",\"author\":{\"@id\":\"https:\\\/\\\/yoann-conte.com\\\/#\\\/schema\\\/person\\\/e6a6a08a8e15dc6ba3174c7012722169\"},\"breadcrumb\":{\"@id\":\"https:\\\/\\\/yoann-conte.com\\\/des-artisans-dexceptions\\\/#breadcrumb\"},\"inLanguage\":\"en-GB\",\"potentialAction\":[{\"@type\":\"ReadAction\",\"target\":[\"https:\\\/\\\/yoann-conte.com\\\/des-artisans-dexceptions\\\/\"]}]},{\"@type\":\"ImageObject\",\"inLanguage\":\"en-GB\",\"@id\":\"https:\\\/\\\/yoann-conte.com\\\/des-artisans-dexceptions\\\/#primaryimage\",\"url\":\"https:\\\/\\\/yoann-conte.com\\\/wp-content\\\/uploads\\\/2024\\\/03\\\/dsc_5947_75_fr.jpg\",\"contentUrl\":\"https:\\\/\\\/yoann-conte.com\\\/wp-content\\\/uploads\\\/2024\\\/03\\\/dsc_5947_75_fr.jpg\",\"width\":900,\"height\":626},{\"@type\":\"BreadcrumbList\",\"@id\":\"https:\\\/\\\/yoann-conte.com\\\/des-artisans-dexceptions\\\/#breadcrumb\",\"itemListElement\":[{\"@type\":\"ListItem\",\"position\":1,\"name\":\"Accueil\",\"item\":\"https:\\\/\\\/yoann-conte.com\\\/\"},{\"@type\":\"ListItem\",\"position\":2,\"name\":\"Des artisans d&rsquo;exceptions\"}]},{\"@type\":\"WebSite\",\"@id\":\"https:\\\/\\\/yoann-conte.com\\\/#website\",\"url\":\"https:\\\/\\\/yoann-conte.com\\\/\",\"name\":\"Yoann Conte, un lieu embl\u00e9matique \u00e0 Veyrier-du-lac, o\u00f9 se rencontrent l&#039;\u00e9l\u00e9gance de notre h\u00f4tel 5 \u00e9toiles et la cr\u00e9ativit\u00e9 d\u2019une cuisine gastronomique 2 \u00e9toiles, au c\u0153ur d\u2019un cadre naturel exceptionnel.\",\"description\":\"Restaurant gastronomique \u00e0 Annecy, Yoann Conte\",\"potentialAction\":[{\"@type\":\"SearchAction\",\"target\":{\"@type\":\"EntryPoint\",\"urlTemplate\":\"https:\\\/\\\/yoann-conte.com\\\/?s={search_term_string}\"},\"query-input\":{\"@type\":\"PropertyValueSpecification\",\"valueRequired\":true,\"valueName\":\"search_term_string\"}}],\"inLanguage\":\"en-GB\"},{\"@type\":\"Person\",\"@id\":\"https:\\\/\\\/yoann-conte.com\\\/#\\\/schema\\\/person\\\/e6a6a08a8e15dc6ba3174c7012722169\",\"name\":\"Marion SEMENOL\",\"image\":{\"@type\":\"ImageObject\",\"inLanguage\":\"en-GB\",\"@id\":\"https:\\\/\\\/secure.gravatar.com\\\/avatar\\\/d96c083a2b88daa57e45c96c0573fa7fbb4b2afff4c465c03e481011cb916fab?s=96&d=mm&r=g\",\"url\":\"https:\\\/\\\/secure.gravatar.com\\\/avatar\\\/d96c083a2b88daa57e45c96c0573fa7fbb4b2afff4c465c03e481011cb916fab?s=96&d=mm&r=g\",\"contentUrl\":\"https:\\\/\\\/secure.gravatar.com\\\/avatar\\\/d96c083a2b88daa57e45c96c0573fa7fbb4b2afff4c465c03e481011cb916fab?s=96&d=mm&r=g\",\"caption\":\"Marion SEMENOL\"},\"url\":\"https:\\\/\\\/yoann-conte.com\\\/en\\\/author\\\/anna\\\/\"}]}<\/script>\n<!-- \/ Yoast SEO plugin. -->","yoast_head_json":{"title":"Des artisans d'exceptions - Yoann Conte, un lieu embl\u00e9matique \u00e0 Veyrier-du-lac, o\u00f9 se rencontrent l&#039;\u00e9l\u00e9gance de notre h\u00f4tel 5 \u00e9toiles et la cr\u00e9ativit\u00e9 d\u2019une cuisine gastronomique 2 \u00e9toiles, au c\u0153ur d\u2019un cadre naturel exceptionnel.","robots":{"index":"index","follow":"follow","max-snippet":"max-snippet:-1","max-image-preview":"max-image-preview:large","max-video-preview":"max-video-preview:-1"},"canonical":"https:\/\/yoann-conte.com\/en\/des-artisans-dexceptions\/","og_locale":"en_GB","og_type":"article","og_title":"Des artisans d'exceptions - Yoann Conte, un lieu embl\u00e9matique \u00e0 Veyrier-du-lac, o\u00f9 se rencontrent l&#039;\u00e9l\u00e9gance de notre h\u00f4tel 5 \u00e9toiles et la cr\u00e9ativit\u00e9 d\u2019une cuisine gastronomique 2 \u00e9toiles, au c\u0153ur d\u2019un cadre naturel exceptionnel.","og_description":"pour l\u2019Association Les Puits du D\u00e9sert.","og_url":"https:\/\/yoann-conte.com\/en\/des-artisans-dexceptions\/","og_site_name":"Yoann Conte, un lieu embl\u00e9matique \u00e0 Veyrier-du-lac, o\u00f9 se rencontrent l&#039;\u00e9l\u00e9gance de notre h\u00f4tel 5 \u00e9toiles et la cr\u00e9ativit\u00e9 d\u2019une cuisine gastronomique 2 \u00e9toiles, au c\u0153ur d\u2019un cadre naturel exceptionnel.","article_published_time":"2022-10-13T13:05:13+00:00","article_modified_time":"2024-03-20T09:10:08+00:00","og_image":[{"width":900,"height":626,"url":"https:\/\/yoann-conte.com\/wp-content\/uploads\/2024\/03\/dsc_5947_75_fr.jpg","type":"image\/jpeg"}],"author":"Marion SEMENOL","twitter_card":"summary_large_image","twitter_misc":{"Written by":"Marion SEMENOL","Estimated reading time":"4 minutes"},"schema":{"@context":"https:\/\/schema.org","@graph":[{"@type":"Article","@id":"https:\/\/yoann-conte.com\/des-artisans-dexceptions\/#article","isPartOf":{"@id":"https:\/\/yoann-conte.com\/des-artisans-dexceptions\/"},"author":{"name":"Marion SEMENOL","@id":"https:\/\/yoann-conte.com\/#\/schema\/person\/e6a6a08a8e15dc6ba3174c7012722169"},"headline":"Des artisans d&rsquo;exceptions","datePublished":"2022-10-13T13:05:13+00:00","dateModified":"2024-03-20T09:10:08+00:00","mainEntityOfPage":{"@id":"https:\/\/yoann-conte.com\/des-artisans-dexceptions\/"},"wordCount":888,"image":{"@id":"https:\/\/yoann-conte.com\/des-artisans-dexceptions\/#primaryimage"},"thumbnailUrl":"https:\/\/yoann-conte.com\/wp-content\/uploads\/2024\/03\/dsc_5947_75_fr.jpg","articleSection":["News"],"inLanguage":"en-GB"},{"@type":"WebPage","@id":"https:\/\/yoann-conte.com\/des-artisans-dexceptions\/","url":"https:\/\/yoann-conte.com\/des-artisans-dexceptions\/","name":"Des artisans d'exceptions - Yoann Conte, un lieu embl\u00e9matique \u00e0 Veyrier-du-lac, o\u00f9 se rencontrent l&#039;\u00e9l\u00e9gance de notre h\u00f4tel 5 \u00e9toiles et la cr\u00e9ativit\u00e9 d\u2019une cuisine gastronomique 2 \u00e9toiles, au c\u0153ur d\u2019un cadre naturel exceptionnel.","isPartOf":{"@id":"https:\/\/yoann-conte.com\/#website"},"primaryImageOfPage":{"@id":"https:\/\/yoann-conte.com\/des-artisans-dexceptions\/#primaryimage"},"image":{"@id":"https:\/\/yoann-conte.com\/des-artisans-dexceptions\/#primaryimage"},"thumbnailUrl":"https:\/\/yoann-conte.com\/wp-content\/uploads\/2024\/03\/dsc_5947_75_fr.jpg","datePublished":"2022-10-13T13:05:13+00:00","dateModified":"2024-03-20T09:10:08+00:00","author":{"@id":"https:\/\/yoann-conte.com\/#\/schema\/person\/e6a6a08a8e15dc6ba3174c7012722169"},"breadcrumb":{"@id":"https:\/\/yoann-conte.com\/des-artisans-dexceptions\/#breadcrumb"},"inLanguage":"en-GB","potentialAction":[{"@type":"ReadAction","target":["https:\/\/yoann-conte.com\/des-artisans-dexceptions\/"]}]},{"@type":"ImageObject","inLanguage":"en-GB","@id":"https:\/\/yoann-conte.com\/des-artisans-dexceptions\/#primaryimage","url":"https:\/\/yoann-conte.com\/wp-content\/uploads\/2024\/03\/dsc_5947_75_fr.jpg","contentUrl":"https:\/\/yoann-conte.com\/wp-content\/uploads\/2024\/03\/dsc_5947_75_fr.jpg","width":900,"height":626},{"@type":"BreadcrumbList","@id":"https:\/\/yoann-conte.com\/des-artisans-dexceptions\/#breadcrumb","itemListElement":[{"@type":"ListItem","position":1,"name":"Accueil","item":"https:\/\/yoann-conte.com\/"},{"@type":"ListItem","position":2,"name":"Des artisans d&rsquo;exceptions"}]},{"@type":"WebSite","@id":"https:\/\/yoann-conte.com\/#website","url":"https:\/\/yoann-conte.com\/","name":"Yoann Conte, un lieu embl\u00e9matique \u00e0 Veyrier-du-lac, o\u00f9 se rencontrent l&#039;\u00e9l\u00e9gance de notre h\u00f4tel 5 \u00e9toiles et la cr\u00e9ativit\u00e9 d\u2019une cuisine gastronomique 2 \u00e9toiles, au c\u0153ur d\u2019un cadre naturel exceptionnel.","description":"Gastronomic restaurant in Annecy, Yoann Conte","potentialAction":[{"@type":"SearchAction","target":{"@type":"EntryPoint","urlTemplate":"https:\/\/yoann-conte.com\/?s={search_term_string}"},"query-input":{"@type":"PropertyValueSpecification","valueRequired":true,"valueName":"search_term_string"}}],"inLanguage":"en-GB"},{"@type":"Person","@id":"https:\/\/yoann-conte.com\/#\/schema\/person\/e6a6a08a8e15dc6ba3174c7012722169","name":"Marion SEMENOL","image":{"@type":"ImageObject","inLanguage":"en-GB","@id":"https:\/\/secure.gravatar.com\/avatar\/d96c083a2b88daa57e45c96c0573fa7fbb4b2afff4c465c03e481011cb916fab?s=96&d=mm&r=g","url":"https:\/\/secure.gravatar.com\/avatar\/d96c083a2b88daa57e45c96c0573fa7fbb4b2afff4c465c03e481011cb916fab?s=96&d=mm&r=g","contentUrl":"https:\/\/secure.gravatar.com\/avatar\/d96c083a2b88daa57e45c96c0573fa7fbb4b2afff4c465c03e481011cb916fab?s=96&d=mm&r=g","caption":"Marion SEMENOL"},"url":"https:\/\/yoann-conte.com\/en\/author\/anna\/"}]}},"_links":{"self":[{"href":"https:\/\/yoann-conte.com\/en\/wp-json\/wp\/v2\/posts\/31236","targetHints":{"allow":["GET"]}}],"collection":[{"href":"https:\/\/yoann-conte.com\/en\/wp-json\/wp\/v2\/posts"}],"about":[{"href":"https:\/\/yoann-conte.com\/en\/wp-json\/wp\/v2\/types\/post"}],"author":[{"embeddable":true,"href":"https:\/\/yoann-conte.com\/en\/wp-json\/wp\/v2\/users\/3"}],"replies":[{"embeddable":true,"href":"https:\/\/yoann-conte.com\/en\/wp-json\/wp\/v2\/comments?post=31236"}],"version-history":[{"count":0,"href":"https:\/\/yoann-conte.com\/en\/wp-json\/wp\/v2\/posts\/31236\/revisions"}],"wp:featuredmedia":[{"embeddable":true,"href":"https:\/\/yoann-conte.com\/en\/wp-json\/wp\/v2\/media\/31330"}],"wp:attachment":[{"href":"https:\/\/yoann-conte.com\/en\/wp-json\/wp\/v2\/media?parent=31236"}],"wp:term":[{"taxonomy":"category","embeddable":true,"href":"https:\/\/yoann-conte.com\/en\/wp-json\/wp\/v2\/categories?post=31236"},{"taxonomy":"post_tag","embeddable":true,"href":"https:\/\/yoann-conte.com\/en\/wp-json\/wp\/v2\/tags?post=31236"}],"curies":[{"name":"wp","href":"https:\/\/api.w.org\/{rel}","templated":true}]}}